{"id":314801,"date":"2019-08-10T10:21:18","date_gmt":"2019-08-10T08:21:18","guid":{"rendered":"https:\/\/hashtag.al\/?p=314801"},"modified":"2019-08-10T10:22:05","modified_gmt":"2019-08-10T08:22:05","slug":"sulmi-ne-teksas-i-dyshuari-pranon-per-policine-se-shenjestra-e-tij-ishin-meksikanet","status":"publish","type":"post","link":"https:\/\/www.hashtag.al\/index.php\/2019\/08\/10\/sulmi-ne-teksas-i-dyshuari-pranon-per-policine-se-shenjestra-e-tij-ishin-meksikanet\/","title":{"rendered":"Sulmi n\u00eb Teksas, i dyshuari pranon p\u00ebr policin\u00eb se sh\u00ebnjestra e tij ishin &#8220;Meksikan\u00ebt&#8221;","gt_translate_keys":[{"key":"rendered","format":"text"}]},"content":{"rendered":"<p><img loading=\"lazy\" decoding=\"async\" class=\"aligncenter size-full wp-image-314802\" src=\"https:\/\/hashtag.al\/wp-content\/uploads\/2019\/08\/Patrick.jpg\" alt=\"\" width=\"800\" height=\"450\" srcset=\"https:\/\/www.hashtag.al\/wp-content\/uploads\/2019\/08\/Patrick.jpg 800w, https:\/\/www.hashtag.al\/wp-content\/uploads\/2019\/08\/Patrick-300x169.jpg 300w, https:\/\/www.hashtag.al\/wp-content\/uploads\/2019\/08\/Patrick-768x432.jpg 768w\" sizes=\"auto, (max-width: 800px) 100vw, 800px\" \/><\/p>\n<p><span style=\"color: #000000;\">I dyshuari p\u00ebr vrasjen e 22 personave n\u00eb sulmin me arm\u00eb q\u00eb ndodhi fundjav\u00ebn e kaluar n\u00eb El Paso, Texas, ka rr\u00ebfyer p\u00ebr policin\u00eb q\u00ebllimet q\u00eb kishte.<\/span><\/p>\n<p><span style=\"color: #000000;\">&#8220;<span style=\"color: #0000ff;\"><a style=\"color: #0000ff;\" href=\"https:\/\/www.reuters.com\/article\/us-texas-shooting\/texas-shooting-suspect-told-police-he-targeted-mexicans-idUSKCN1UZ28K\">Reuters<\/a><\/span>&#8221; shkruan se \u00a021-vje\u00e7ari Patrick Crusius tha se ai synonte &#8220;Meksikan\u00ebt&#8221;. T\u00eb pakt\u00ebn k\u00ebshtu thuhet n\u00eb nj\u00eb deklarat\u00eb t\u00eb policis\u00eb.<\/span><\/p>\n<p><span style=\"color: #000000;\"><em>&#8220;I dyshuari, Patrick Crusius, 21 vje\u00e7, doli nga automjeti i tij, u ndal n\u00eb nj\u00eb kryq\u00ebzim dhe deklaroi me z\u00eb t\u00eb lart\u00eb: Un\u00eb jam autori&#8221;<\/em>, tha detektivi Adrian Garcia, nj\u00eb dit\u00eb pas ngjarjes.<\/span><\/p>\n<p><span style=\"color: #000000;\"><em>&#8220;I pandehuri deklaroi se sh\u00ebnjestra tij ishin Meksikan\u00ebt&#8221;<\/em>, vijon deklarata.<\/span><\/p>\n<p><span style=\"color: #000000;\">Pasi kreu sulmin n\u00eb qendr\u00ebn tregtare i riu postoi n\u00eb rrjetet sociale nj\u00eb shkrim ku tha se ishte kund\u00ebr \u201cpushtimit hispanik\u201d t\u00eb Shteteve t\u00eb Bashkuara.<\/span><\/p>\n<p><span style=\"color: #000000;\">Shumica e viktimave n\u00eb qendr\u00ebn tregtare kishin emra hispanik\u00eb.<\/span><\/p>\n<p><span style=\"color: #000000;\">Rasti \u00ebsht\u00eb klasifikuar si terroriz\u00ebm i brensh\u00ebm, dhe ka shkaktuar nj\u00eb debat t\u00eb gjer\u00eb n\u00eb SHBA.<\/span><\/p>\n<p><span style=\"color: #000000;\">Kandidat\u00ebt demokrat\u00eb p\u00ebr president e kan\u00eb akuzuar Trumpin se po nxit ndjenja raciste, n\u00eb mitingje dhe n\u00eb T\u00ebitter. Ata thon\u00eb se presidenti ka krijuar klim\u00eb politike t\u00eb favorshme p\u00ebr dhun\u00eb dhe urrejtje.<\/span><\/p>\n<p><span style=\"color: #000000;\">Mes demokrat\u00ebve dhe republikan\u00ebve \u00ebsht\u00eb thelluar debate p\u00ebr kontrollin e arm\u00ebve.<\/span><\/p>\n<p><img loading=\"lazy\" decoding=\"async\" class=\"aligncenter size-full wp-image-314805\" src=\"https:\/\/hashtag.al\/wp-content\/uploads\/2019\/08\/Cruisus.jpg\" alt=\"\" width=\"640\" height=\"400\" srcset=\"https:\/\/www.hashtag.al\/wp-content\/uploads\/2019\/08\/Cruisus.jpg 640w, https:\/\/www.hashtag.al\/wp-content\/uploads\/2019\/08\/Cruisus-300x188.jpg 300w\" sizes=\"auto, (max-width: 640px) 100vw, 640px\" \/><\/p>\n","protected":false,"gt_translate_keys":[{"key":"rendered","format":"html"}]},"excerpt":{"rendered":"<p>I dyshuari p\u00ebr vrasjen e 22 personave n\u00eb sulmin me arm\u00eb q\u00eb ndodhi fundjav\u00ebn e kaluar n\u00eb El Paso, Texas, ka rr\u00ebfyer p\u00ebr policin\u00eb q\u00ebllimet q\u00eb kishte. &#8220;Reuters&#8221; shkruan se \u00a021-vje\u00e7ari Patrick Crusius tha se ai synonte &#8220;Meksikan\u00ebt&#8221;. T\u00eb pakt\u00ebn k\u00ebshtu thuhet n\u00eb nj\u00eb deklarat\u00eb t\u00eb policis\u00eb. &#8220;I dyshuari, Patrick Crusius, 21 vje\u00e7, doli nga [&hellip;]<\/p>\n","protected":false,"gt_translate_keys":[{"key":"rendered","format":"html"}]},"author":30,"featured_media":314803,"comment_status":"open","ping_status":"open","sticky":false,"template":"","format":"standard","meta":{"footnotes":""},"categories":[6],"tags":[],"class_list":["post-314801","post","type-post","status-publish","format-standard","has-post-thumbnail","hentry","category-nderkombetare"],"gt_translate_keys":[{"key":"link","format":"url"}],"_links":{"self":[{"href":"https:\/\/www.hashtag.al\/index.php\/wp-json\/wp\/v2\/posts\/314801","targetHints":{"allow":["GET"]}}],"collection":[{"href":"https:\/\/www.hashtag.al\/index.php\/wp-json\/wp\/v2\/posts"}],"about":[{"href":"https:\/\/www.hashtag.al\/index.php\/wp-json\/wp\/v2\/types\/post"}],"author":[{"embeddable":true,"href":"https:\/\/www.hashtag.al\/index.php\/wp-json\/wp\/v2\/users\/30"}],"replies":[{"embeddable":true,"href":"https:\/\/www.hashtag.al\/index.php\/wp-json\/wp\/v2\/comments?post=314801"}],"version-history":[{"count":0,"href":"https:\/\/www.hashtag.al\/index.php\/wp-json\/wp\/v2\/posts\/314801\/revisions"}],"wp:featuredmedia":[{"embeddable":true,"href":"https:\/\/www.hashtag.al\/index.php\/wp-json\/wp\/v2\/media\/314803"}],"wp:attachment":[{"href":"https:\/\/www.hashtag.al\/index.php\/wp-json\/wp\/v2\/media?parent=314801"}],"wp:term":[{"taxonomy":"category","embeddable":true,"href":"https:\/\/www.hashtag.al\/index.php\/wp-json\/wp\/v2\/categories?post=314801"},{"taxonomy":"post_tag","embeddable":true,"href":"https:\/\/www.hashtag.al\/index.php\/wp-json\/wp\/v2\/tags?post=314801"}],"curies":[{"name":"wp","href":"https:\/\/api.w.org\/{rel}","templated":true}]}}