{"id":313904,"date":"2019-08-05T20:11:43","date_gmt":"2019-08-05T18:11:43","guid":{"rendered":"https:\/\/hashtag.al\/?p=313904"},"modified":"2019-08-05T20:11:44","modified_gmt":"2019-08-05T18:11:44","slug":"basha-nga-fushe-kruja-30-qershori-thirrje-per-ndryshim-kjo-eshte-pergjegjesi-e-pd-se","status":"publish","type":"post","link":"https:\/\/www.hashtag.al\/index.php\/2019\/08\/05\/basha-nga-fushe-kruja-30-qershori-thirrje-per-ndryshim-kjo-eshte-pergjegjesi-e-pd-se\/","title":{"rendered":"Basha nga Fush\u00eb-Kruja: 30 qershori thirrje p\u00ebr ndryshim, kjo \u00ebsht\u00eb p\u00ebrgjegj\u00ebsi e PD-s\u00eb","gt_translate_keys":[{"key":"rendered","format":"text"}]},"content":{"rendered":"<p><img loading=\"lazy\" decoding=\"async\" class=\"aligncenter size-full wp-image-313905\" src=\"https:\/\/hashtag.al\/wp-content\/uploads\/2019\/08\/Basha5gusht.jpg2_.jpg\" alt=\"\" width=\"960\" height=\"640\" srcset=\"https:\/\/www.hashtag.al\/wp-content\/uploads\/2019\/08\/Basha5gusht.jpg2_.jpg 960w, https:\/\/www.hashtag.al\/wp-content\/uploads\/2019\/08\/Basha5gusht.jpg2_-300x200.jpg 300w, https:\/\/www.hashtag.al\/wp-content\/uploads\/2019\/08\/Basha5gusht.jpg2_-768x512.jpg 768w\" sizes=\"auto, (max-width: 960px) 100vw, 960px\" \/><\/p>\n<p><span style=\"color: #000000;\">Kreu i PD-s\u00eb, Basha, ka akuzuar kryeministrin Rama p\u00ebr sulmin ndaj bzinesit t\u00eb vog\u00ebl p\u00ebr t\u2019u rr\u00ebmbyer \u00e7do qindark\u00eb. <\/span><\/p>\n<p><span style=\"color: #000000;\">Basha iu referua sistemit t\u00eb ri t\u00eb faturimit duke nxjerr\u00eb jasht\u00eb p\u00ebrdorimi 140 mij\u00eb kasa fiskale duke e detyruar biznesin nga 50 euro deri n\u00eb 110 euro.<\/span><\/p>\n<p><span style=\"color: #000000;\">Kreu i opozit\u00ebs tha se Rama u ka dh\u00ebn\u00eb oligark\u00ebve bregdetin, naft\u00ebn, mineralet e lumenjt\u00eb. Ai p\u00ebrmendi ato q\u00eb i quajti megagrabitje me projektin e Teatrit Komb\u00ebtar dhe rrog\u00ebt Milot-Balldren e Orikum-Dukat.<\/span><\/p>\n<p><em><span style=\"color: #000000;\">&#8216;Hajduti psiqik i \u00ebsht\u00eb v\u00ebrsulur biznesit t\u00eb vog\u00ebl p\u00ebr t\u2019i marr\u00eb edhe qindark\u00ebn e fundit me afer\u00ebn e sistemit t\u00eb ri t\u00eb faturimit t\u00eb biznesit, n\u00ebp\u00ebrmjet t\u00eb cilit, do t\u00eb nxjerr\u00eb jasht\u00eb p\u00ebrdorimit 140 mij\u00eb kasa fiskale dhe do t\u00eb detyroj\u00eb biznesin e vog\u00ebl t\u00eb paguaj\u00eb 50 deri n\u00eb 110 Euro p\u00ebr \u00e7do biznes.<\/span><\/em><\/p>\n<p><em><span style=\"color: #000000;\">Kjo zhvatje e re b\u00ebhet p\u00ebr t\u00eb mbushur xhepat e familjes dhe miqve t\u00eb Hajdutit Psiqik, nd\u00ebrkoh\u00eb q\u00eb oligark\u00ebve u fali dividentin, bregdetin, naft\u00ebn, mineralet, lumenjt\u00eb dhe pyjet. Jan\u00eb k\u00ebta q\u00eb votuan p\u00ebr t\u2019i kthyer dividentin oligark\u00ebve, jan\u00eb k\u00ebta q\u00eb votuan mega-vjedhjen Milot-Balldren 15 milion\u00eb euro p\u00ebr km, jan\u00eb k\u00ebta q\u00eb votuan grabitjen e Teatrit Komb\u00ebtar p\u00ebr 6 kullat 200 milion\u00eb euro t\u00eb treshes Rama-Veliaj-Mafia e Nd\u00ebrtimit dhe Drog\u00ebs.<\/span><\/em><\/p>\n<p><em><span style=\"color: #000000;\">Vjedhja dhe shkat\u00ebrrimi i Shqip\u00ebris\u00eb nga Edi Rama me nj\u00eb grusht biznesmen\u00ebsh, t\u00eb cil\u00ebt ndajn\u00eb pasurit\u00eb me nj\u00ebri tjetrin, jan\u00eb shkaku kryesor p\u00ebr thellimin e varf\u00ebris\u00eb, papun\u00ebsis\u00eb dhe munges\u00ebs s\u00eb mund\u00ebsive p\u00ebr pjes\u00ebn tjet\u00ebr t\u00eb biznesit dhe njer\u00ebzve t\u00eb ndersh\u00ebm.<\/span><\/em><\/p>\n<p><em><span style=\"color: #000000;\">N\u00eb Shqip\u00ebri pasurohen vet\u00ebm t\u00eb pushtetshmit dhe varf\u00ebrohen njer\u00ebzit e thjesht\u00eb dhe t\u00eb pambrojtur.<\/span><\/em><\/p>\n<p><em><span style=\"color: #000000;\">Por kjo situat\u00eb ka marr\u00eb p\u00ebrgjigje t\u00eb qart\u00eb m\u00eb 30 Qershor. Shumica 85% &#8220;Rama ik&#8221; isht\u00eb shprehje e kurajos dhe vet\u00ebdij\u00ebsimit t\u00eb shqiptar\u00ebve se 30 qershori nuk b\u00ebhej p\u00ebr njer\u00ebzit. B\u00ebhej p\u00ebr Edi Ram\u00ebn, b\u00ebhej p\u00ebr Artur Bushin, b\u00ebhej p\u00ebr 5-6 oligark\u00eb, hajdut\u00eb dhe kriminel\u00eb q\u00eb kan\u00eb marr\u00eb peng gjith\u00eb shtetin.<\/span><\/em><\/p>\n<p><span style=\"color: #000000;\"><em>Prandaj, p\u00ebrtej refuzimit t\u00eb Edi Ram\u00ebs, 30 Qershori p\u00ebrb\u00ebn edhe nj\u00eb thirrje ndaj PD p\u00ebr ndryshim n\u00eb aspektin ekonomik dhe politik, p\u00ebr t\u2019i dh\u00ebn\u00eb fund kriz\u00ebs, varf\u00ebris\u00eb, papun\u00ebsis\u00eb dhe emigracionit q\u00eb po e zbraz vendin!&#8217;<\/em> &#8211; tha Basha n\u00eb Fush\u00eb-Kruj\u00eb.<\/span><\/p>\n<p><img loading=\"lazy\" decoding=\"async\" class=\"aligncenter size-full wp-image-313906\" src=\"https:\/\/hashtag.al\/wp-content\/uploads\/2019\/08\/Basha5gusht.jpg\" alt=\"\" width=\"960\" height=\"567\" srcset=\"https:\/\/www.hashtag.al\/wp-content\/uploads\/2019\/08\/Basha5gusht.jpg 960w, https:\/\/www.hashtag.al\/wp-content\/uploads\/2019\/08\/Basha5gusht-300x177.jpg 300w, https:\/\/www.hashtag.al\/wp-content\/uploads\/2019\/08\/Basha5gusht-768x454.jpg 768w\" sizes=\"auto, (max-width: 960px) 100vw, 960px\" \/> <img loading=\"lazy\" decoding=\"async\" class=\"aligncenter size-full wp-image-313907\" src=\"https:\/\/hashtag.al\/wp-content\/uploads\/2019\/08\/Basha5gusht.jpg3_.jpg\" alt=\"\" width=\"960\" height=\"640\" srcset=\"https:\/\/www.hashtag.al\/wp-content\/uploads\/2019\/08\/Basha5gusht.jpg3_.jpg 960w, https:\/\/www.hashtag.al\/wp-content\/uploads\/2019\/08\/Basha5gusht.jpg3_-300x200.jpg 300w, https:\/\/www.hashtag.al\/wp-content\/uploads\/2019\/08\/Basha5gusht.jpg3_-768x512.jpg 768w\" sizes=\"auto, (max-width: 960px) 100vw, 960px\" \/> <img loading=\"lazy\" decoding=\"async\" class=\"aligncenter size-full wp-image-313908\" src=\"https:\/\/hashtag.al\/wp-content\/uploads\/2019\/08\/Basha5gusht.jpg4_.jpg\" alt=\"\" width=\"960\" height=\"640\" srcset=\"https:\/\/www.hashtag.al\/wp-content\/uploads\/2019\/08\/Basha5gusht.jpg4_.jpg 960w, https:\/\/www.hashtag.al\/wp-content\/uploads\/2019\/08\/Basha5gusht.jpg4_-300x200.jpg 300w, https:\/\/www.hashtag.al\/wp-content\/uploads\/2019\/08\/Basha5gusht.jpg4_-768x512.jpg 768w\" sizes=\"auto, (max-width: 960px) 100vw, 960px\" \/><\/p>\n","protected":false,"gt_translate_keys":[{"key":"rendered","format":"html"}]},"excerpt":{"rendered":"<p>Kreu i PD-s\u00eb, Basha, ka akuzuar kryeministrin Rama p\u00ebr sulmin ndaj bzinesit t\u00eb vog\u00ebl p\u00ebr t\u2019u rr\u00ebmbyer \u00e7do qindark\u00eb. Basha iu referua sistemit t\u00eb ri t\u00eb faturimit duke nxjerr\u00eb jasht\u00eb p\u00ebrdorimi 140 mij\u00eb kasa fiskale duke e detyruar biznesin nga 50 euro deri n\u00eb 110 euro. Kreu i opozit\u00ebs tha se Rama u ka dh\u00ebn\u00eb [&hellip;]<\/p>\n","protected":false,"gt_translate_keys":[{"key":"rendered","format":"html"}]},"author":51,"featured_media":313907,"comment_status":"open","ping_status":"open","sticky":false,"template":"","format":"standard","meta":{"footnotes":""},"categories":[65,13],"tags":[],"class_list":["post-313904","post","type-post","status-publish","format-standard","has-post-thumbnail","hentry","category-lajme","category-te-fundit"],"gt_translate_keys":[{"key":"link","format":"url"}],"_links":{"self":[{"href":"https:\/\/www.hashtag.al\/index.php\/wp-json\/wp\/v2\/posts\/313904","targetHints":{"allow":["GET"]}}],"collection":[{"href":"https:\/\/www.hashtag.al\/index.php\/wp-json\/wp\/v2\/posts"}],"about":[{"href":"https:\/\/www.hashtag.al\/index.php\/wp-json\/wp\/v2\/types\/post"}],"author":[{"embeddable":true,"href":"https:\/\/www.hashtag.al\/index.php\/wp-json\/wp\/v2\/users\/51"}],"replies":[{"embeddable":true,"href":"https:\/\/www.hashtag.al\/index.php\/wp-json\/wp\/v2\/comments?post=313904"}],"version-history":[{"count":0,"href":"https:\/\/www.hashtag.al\/index.php\/wp-json\/wp\/v2\/posts\/313904\/revisions"}],"wp:featuredmedia":[{"embeddable":true,"href":"https:\/\/www.hashtag.al\/index.php\/wp-json\/wp\/v2\/media\/313907"}],"wp:attachment":[{"href":"https:\/\/www.hashtag.al\/index.php\/wp-json\/wp\/v2\/media?parent=313904"}],"wp:term":[{"taxonomy":"category","embeddable":true,"href":"https:\/\/www.hashtag.al\/index.php\/wp-json\/wp\/v2\/categories?post=313904"},{"taxonomy":"post_tag","embeddable":true,"href":"https:\/\/www.hashtag.al\/index.php\/wp-json\/wp\/v2\/tags?post=313904"}],"curies":[{"name":"wp","href":"https:\/\/api.w.org\/{rel}","templated":true}]}}