{"id":313901,"date":"2019-08-05T19:42:25","date_gmt":"2019-08-05T17:42:25","guid":{"rendered":"https:\/\/hashtag.al\/?p=313901"},"modified":"2019-08-05T19:42:25","modified_gmt":"2019-08-05T17:42:25","slug":"trump-akuzon-mediat-sociale-e-internetin-per-vrasjet-masive-ne-shba","status":"publish","type":"post","link":"https:\/\/www.hashtag.al\/index.php\/2019\/08\/05\/trump-akuzon-mediat-sociale-e-internetin-per-vrasjet-masive-ne-shba\/","title":{"rendered":"Trump akuzon mediat sociale e internetin p\u00ebr vrasjet masive n\u00eb SHBA","gt_translate_keys":[{"key":"rendered","format":"text"}]},"content":{"rendered":"<p><img loading=\"lazy\" decoding=\"async\" class=\"aligncenter size-full wp-image-313902\" src=\"https:\/\/hashtag.al\/wp-content\/uploads\/2019\/08\/trump-5-gusht.jpg\" alt=\"\" width=\"980\" height=\"551\" srcset=\"https:\/\/www.hashtag.al\/wp-content\/uploads\/2019\/08\/trump-5-gusht.jpg 980w, https:\/\/www.hashtag.al\/wp-content\/uploads\/2019\/08\/trump-5-gusht-300x169.jpg 300w, https:\/\/www.hashtag.al\/wp-content\/uploads\/2019\/08\/trump-5-gusht-768x432.jpg 768w\" sizes=\"auto, (max-width: 980px) 100vw, 980px\" \/><\/p>\n<p><span style=\"color: #000000;\">Presidenti amerikan Donald Trump akuzoi mediat sociale dhe internetin p\u00ebr inkurajimin e \u2018mendjeve t\u00eb trazuara\u2019 p\u00ebr t\u00eb kryer \u00a0masakra dhe b\u00ebri thirrje p\u00ebr ekzekutime t\u00eb shpejta p\u00ebr autor\u00ebt e tyre. Ai gjithashtu d\u00ebnoi \u2018supremacin\u00eb e bardh\u00eb\u2019.<\/span><\/p>\n<p><span style=\"color: #000000;\"><em>\u2018Me nj\u00eb z\u00eb, kombi yn\u00eb duhet t\u00eb d\u00ebnoj\u00eb racizmin, fanatizmin dhe supremacin\u00eb e bardh\u00eb,\u2019 <\/em>tha presidenti pas tragjedive n\u00eb Texas e Ohio, ku humb\u00ebn jet\u00ebn 29 persona.<\/span><\/p>\n<p><span style=\"color: #000000;\">\u2018K\u00ebto ideologji t\u00eb kota duhet t\u00eb mposhten. Urrejtja nuk ka vend n\u00eb Amerik\u00eb.\u2019,shtoi ai.<\/span><\/p>\n<p><span style=\"color: #000000;\">Duke folur n\u00eb Sht\u00ebpin\u00eb e Bardh\u00eb t\u00eb h\u00ebn\u00ebn n\u00eb m\u00ebngjes, Presidenti Trump tha se administrata e tij do t\u00eb punoj\u00eb me platformat e mediave sociale p\u00ebr t\u00eb ndihmuar n\u00eb identifikimin e t\u00eb dh\u00ebnave q\u00eb mund t\u00eb sugjerojn\u00eb se nj\u00eb individ \u00ebsht\u00eb i rreziksh\u00ebm ose I prirur p\u00ebr akte dhune.<\/span><\/p>\n","protected":false,"gt_translate_keys":[{"key":"rendered","format":"html"}]},"excerpt":{"rendered":"<p>Presidenti amerikan Donald Trump akuzoi mediat sociale dhe internetin p\u00ebr inkurajimin e \u2018mendjeve t\u00eb trazuara\u2019 p\u00ebr t\u00eb kryer \u00a0masakra dhe b\u00ebri thirrje p\u00ebr ekzekutime t\u00eb shpejta p\u00ebr autor\u00ebt e tyre. Ai gjithashtu d\u00ebnoi \u2018supremacin\u00eb e bardh\u00eb\u2019. \u2018Me nj\u00eb z\u00eb, kombi yn\u00eb duhet t\u00eb d\u00ebnoj\u00eb racizmin, fanatizmin dhe supremacin\u00eb e bardh\u00eb,\u2019 tha presidenti pas tragjedive n\u00eb [&hellip;]<\/p>\n","protected":false,"gt_translate_keys":[{"key":"rendered","format":"html"}]},"author":51,"featured_media":313902,"comment_status":"open","ping_status":"open","sticky":false,"template":"","format":"standard","meta":{"footnotes":""},"categories":[1],"tags":[],"class_list":["post-313901","post","type-post","status-publish","format-standard","has-post-thumbnail","hentry","category-uncategorized"],"gt_translate_keys":[{"key":"link","format":"url"}],"_links":{"self":[{"href":"https:\/\/www.hashtag.al\/index.php\/wp-json\/wp\/v2\/posts\/313901","targetHints":{"allow":["GET"]}}],"collection":[{"href":"https:\/\/www.hashtag.al\/index.php\/wp-json\/wp\/v2\/posts"}],"about":[{"href":"https:\/\/www.hashtag.al\/index.php\/wp-json\/wp\/v2\/types\/post"}],"author":[{"embeddable":true,"href":"https:\/\/www.hashtag.al\/index.php\/wp-json\/wp\/v2\/users\/51"}],"replies":[{"embeddable":true,"href":"https:\/\/www.hashtag.al\/index.php\/wp-json\/wp\/v2\/comments?post=313901"}],"version-history":[{"count":0,"href":"https:\/\/www.hashtag.al\/index.php\/wp-json\/wp\/v2\/posts\/313901\/revisions"}],"wp:featuredmedia":[{"embeddable":true,"href":"https:\/\/www.hashtag.al\/index.php\/wp-json\/wp\/v2\/media\/313902"}],"wp:attachment":[{"href":"https:\/\/www.hashtag.al\/index.php\/wp-json\/wp\/v2\/media?parent=313901"}],"wp:term":[{"taxonomy":"category","embeddable":true,"href":"https:\/\/www.hashtag.al\/index.php\/wp-json\/wp\/v2\/categories?post=313901"},{"taxonomy":"post_tag","embeddable":true,"href":"https:\/\/www.hashtag.al\/index.php\/wp-json\/wp\/v2\/tags?post=313901"}],"curies":[{"name":"wp","href":"https:\/\/api.w.org\/{rel}","templated":true}]}}