{"id":313883,"date":"2019-08-05T16:55:28","date_gmt":"2019-08-05T14:55:28","guid":{"rendered":"https:\/\/hashtag.al\/?p=313883"},"modified":"2019-08-05T16:55:28","modified_gmt":"2019-08-05T14:55:28","slug":"johnson-i-vendosur-ne-31-tetor-largohemi-perfundimisht-nga-be-ja","status":"publish","type":"post","link":"https:\/\/www.hashtag.al\/index.php\/2019\/08\/05\/johnson-i-vendosur-ne-31-tetor-largohemi-perfundimisht-nga-be-ja\/","title":{"rendered":"Johnson i vendosur: N\u00eb 31 tetor largohemi p\u00ebrfundimisht nga BE-ja","gt_translate_keys":[{"key":"rendered","format":"text"}]},"content":{"rendered":"<p><img loading=\"lazy\" decoding=\"async\" class=\"aligncenter size-full wp-image-312015\" src=\"https:\/\/hashtag.al\/wp-content\/uploads\/2019\/07\/borisjohnsonshqiptar3.jpg\" alt=\"\" width=\"1200\" height=\"800\" srcset=\"https:\/\/www.hashtag.al\/wp-content\/uploads\/2019\/07\/borisjohnsonshqiptar3.jpg 1200w, https:\/\/www.hashtag.al\/wp-content\/uploads\/2019\/07\/borisjohnsonshqiptar3-300x200.jpg 300w, https:\/\/www.hashtag.al\/wp-content\/uploads\/2019\/07\/borisjohnsonshqiptar3-768x512.jpg 768w, https:\/\/www.hashtag.al\/wp-content\/uploads\/2019\/07\/borisjohnsonshqiptar3-1024x683.jpg 1024w\" sizes=\"auto, (max-width: 1200px) 100vw, 1200px\" \/><\/p>\n<p><span style=\"color: #000000;\">Britania e Madhe do t\u00eb largohet nga Bashkimi Evropian m\u00eb 31 tetor, pavar\u00ebsisht \u00e7far\u00eb tha z\u00ebdh\u00ebn\u00ebsi i kryeministrit britanik Boris Johnson.<\/span><\/p>\n<p><span style=\"color: #000000;\">Z\u00ebdh\u00ebn\u00ebsi, gjithashtu, tha q\u00eb Britania e Madhe do t\u00eb vazhdoj\u00eb t\u00eb punoj\u00eb p\u00ebr t\u00eb k\u00ebrkuar nj\u00eb marr\u00ebveshje daljeje me koleg\u00ebt n\u00eb Bashkimin Evropian, dhe se qeveria shpresonte q\u00eb blloku t\u00eb ndryshoj\u00eb q\u00ebndrimin e tij n\u00eb t\u00eb ashtuquajtur\u00ebn prapavij\u00eb irlandeze.<\/span><\/p>\n<p><span style=\"color: #000000;\">\u201cBritania do t\u00eb largohet nga BE n\u00eb 31 tetor pavar\u00ebsisht nga pasojat. Nuk ka \u2018n\u00ebse\u2019 ose \u2018pse\u2019. Ne duhet t\u00eb rivendosim besimin n\u00eb demokracin\u00eb ton\u00eb dhe t\u00eb p\u00ebrmbushim premtimet e b\u00ebra p\u00ebr qytetar\u00ebt. Politikan\u00ebt nuk mund t\u00eb zgjedhin q\u00eb votat e kujt do t\u00eb respektohen. Ata jan\u00eb zotuar t\u00eb respektojn\u00eb rezultatet e referendumit dhe ne duhet ta b\u00ebjm\u00eb at\u00eb\u201d, tha nj\u00eb z\u00ebdh\u00ebn\u00ebs.<\/span><\/p>\n<p><span style=\"color: #000000;\">Nga ana tjet\u00ebr, z\u00ebdh\u00ebn\u00ebsja e Komisionit Evropian, Mina Andreeva tha se KE ishte e hapur p\u00ebr bisedime me kryeministrin Johnson, n\u00eb m\u00ebnyr\u00eb q\u00eb t\u00eb shmangte nj\u00eb Brexit t\u00eb r\u00ebnd\u00eb q\u00eb mund t\u00eb shkaktoj\u00eb nj\u00eb r\u00ebnie t\u00eb madhe ekonomike.<\/span><\/p>\n<p><span style=\"color: #000000;\">Megjithat\u00eb, ajo tha, nj\u00eb marr\u00ebveshje britanike-BE mbi Brexit tashm\u00eb \u00ebsht\u00eb arritur.<\/span><\/p>\n<p><span style=\"color: #000000;\">\u201cPor ne jemi t\u00eb hapur p\u00ebr t\u00eb diskutuar deklarat\u00ebn politike\u201d, tha Andreeva.<\/span><\/p>\n","protected":false,"gt_translate_keys":[{"key":"rendered","format":"html"}]},"excerpt":{"rendered":"<p>Britania e Madhe do t\u00eb largohet nga Bashkimi Evropian m\u00eb 31 tetor, pavar\u00ebsisht \u00e7far\u00eb tha z\u00ebdh\u00ebn\u00ebsi i kryeministrit britanik Boris Johnson. Z\u00ebdh\u00ebn\u00ebsi, gjithashtu, tha q\u00eb Britania e Madhe do t\u00eb vazhdoj\u00eb t\u00eb punoj\u00eb p\u00ebr t\u00eb k\u00ebrkuar nj\u00eb marr\u00ebveshje daljeje me koleg\u00ebt n\u00eb Bashkimin Evropian, dhe se qeveria shpresonte q\u00eb blloku t\u00eb ndryshoj\u00eb q\u00ebndrimin e tij [&hellip;]<\/p>\n","protected":false,"gt_translate_keys":[{"key":"rendered","format":"html"}]},"author":32,"featured_media":214216,"comment_status":"open","ping_status":"open","sticky":false,"template":"","format":"standard","meta":{"footnotes":""},"categories":[6,13],"tags":[],"class_list":["post-313883","post","type-post","status-publish","format-standard","has-post-thumbnail","hentry","category-nderkombetare","category-te-fundit"],"gt_translate_keys":[{"key":"link","format":"url"}],"_links":{"self":[{"href":"https:\/\/www.hashtag.al\/index.php\/wp-json\/wp\/v2\/posts\/313883","targetHints":{"allow":["GET"]}}],"collection":[{"href":"https:\/\/www.hashtag.al\/index.php\/wp-json\/wp\/v2\/posts"}],"about":[{"href":"https:\/\/www.hashtag.al\/index.php\/wp-json\/wp\/v2\/types\/post"}],"author":[{"embeddable":true,"href":"https:\/\/www.hashtag.al\/index.php\/wp-json\/wp\/v2\/users\/32"}],"replies":[{"embeddable":true,"href":"https:\/\/www.hashtag.al\/index.php\/wp-json\/wp\/v2\/comments?post=313883"}],"version-history":[{"count":0,"href":"https:\/\/www.hashtag.al\/index.php\/wp-json\/wp\/v2\/posts\/313883\/revisions"}],"wp:featuredmedia":[{"embeddable":true,"href":"https:\/\/www.hashtag.al\/index.php\/wp-json\/"}],"wp:attachment":[{"href":"https:\/\/www.hashtag.al\/index.php\/wp-json\/wp\/v2\/media?parent=313883"}],"wp:term":[{"taxonomy":"category","embeddable":true,"href":"https:\/\/www.hashtag.al\/index.php\/wp-json\/wp\/v2\/categories?post=313883"},{"taxonomy":"post_tag","embeddable":true,"href":"https:\/\/www.hashtag.al\/index.php\/wp-json\/wp\/v2\/tags?post=313883"}],"curies":[{"name":"wp","href":"https:\/\/api.w.org\/{rel}","templated":true}]}}