{"id":313849,"date":"2019-08-05T13:16:18","date_gmt":"2019-08-05T11:16:18","guid":{"rendered":"https:\/\/hashtag.al\/?p=313849"},"modified":"2019-08-05T13:16:18","modified_gmt":"2019-08-05T11:16:18","slug":"i-shpetoi-arrestimit-gjate-operacionit-antidroge-kapet-ne-tragetin-per-ne-shqiperi","status":"publish","type":"post","link":"https:\/\/www.hashtag.al\/index.php\/2019\/08\/05\/i-shpetoi-arrestimit-gjate-operacionit-antidroge-kapet-ne-tragetin-per-ne-shqiperi\/","title":{"rendered":"I shp\u00ebtoi arrestimit gjat\u00eb operacionit antidrog\u00eb, kapet n\u00eb tragetin p\u00ebr n\u00eb Shqip\u00ebri","gt_translate_keys":[{"key":"rendered","format":"text"}]},"content":{"rendered":"<p><img loading=\"lazy\" decoding=\"async\" class=\"aligncenter size-full wp-image-313850\" src=\"https:\/\/hashtag.al\/wp-content\/uploads\/2019\/08\/policia2.jpg\" alt=\"\" width=\"650\" height=\"350\" srcset=\"https:\/\/www.hashtag.al\/wp-content\/uploads\/2019\/08\/policia2.jpg 650w, https:\/\/www.hashtag.al\/wp-content\/uploads\/2019\/08\/policia2-300x162.jpg 300w\" sizes=\"auto, (max-width: 650px) 100vw, 650px\" \/><\/p>\n<p><span style=\"color: #000000;\">Ishte arratisur forcave t\u00eb policis\u00eb italiane pas aksionit antidrog\u00eb, shqiptari arrestohet n\u00eb tragetin p\u00ebr n\u00eb Shqip\u00ebri.<\/span><\/p>\n<p><span style=\"color: #000000;\">Mediat italiane shkruajn\u00eb se n\u00eb pranga \u00ebsht\u00eb v\u00ebn\u00eb shtetasi Klaidi Kaca 30 vje\u00e7. Ai u ndalua nga policia n\u00eb portin e Brindizit, n\u00eb koh\u00ebn q\u00eb po hipte n\u00eb tragetin q\u00eb do t\u00eb nisej drejt Shqip\u00ebris\u00eb.<\/span><\/p>\n<p><span style=\"color: #000000;\">Ai ishte n\u00eb k\u00ebrkim, pasi i shp\u00ebtoi policis\u00eb n\u00eb koh\u00ebn e operacionit t\u00eb antimafias italiane, q\u00eb vuri n\u00eb pranga dy shqiptar\u00eb dhe shkat\u00ebrroi band\u00ebn e trafikant\u00ebve t\u00eb kokain\u00ebs e marijuan\u00ebs nga Shqip\u00ebria n\u00eb Si\u00e7ili t\u00eb Italis\u00eb.\u00a0<\/span><\/p>\n<p><span style=\"color: #000000;\">Ai akuzohet p\u00ebr trafik droge, pjes\u00ebmarrje n\u00eb aktivitet kriminal e arm\u00ebmbajtje pa leje.<\/span><\/p>\n","protected":false,"gt_translate_keys":[{"key":"rendered","format":"html"}]},"excerpt":{"rendered":"<p>Ishte arratisur forcave t\u00eb policis\u00eb italiane pas aksionit antidrog\u00eb, shqiptari arrestohet n\u00eb tragetin p\u00ebr n\u00eb Shqip\u00ebri. Mediat italiane shkruajn\u00eb se n\u00eb pranga \u00ebsht\u00eb v\u00ebn\u00eb shtetasi Klaidi Kaca 30 vje\u00e7. Ai u ndalua nga policia n\u00eb portin e Brindizit, n\u00eb koh\u00ebn q\u00eb po hipte n\u00eb tragetin q\u00eb do t\u00eb nisej drejt Shqip\u00ebris\u00eb. Ai ishte n\u00eb k\u00ebrkim, [&hellip;]<\/p>\n","protected":false,"gt_translate_keys":[{"key":"rendered","format":"html"}]},"author":32,"featured_media":313850,"comment_status":"open","ping_status":"open","sticky":false,"template":"","format":"standard","meta":{"footnotes":""},"categories":[65,13],"tags":[],"class_list":["post-313849","post","type-post","status-publish","format-standard","has-post-thumbnail","hentry","category-lajme","category-te-fundit"],"gt_translate_keys":[{"key":"link","format":"url"}],"_links":{"self":[{"href":"https:\/\/www.hashtag.al\/index.php\/wp-json\/wp\/v2\/posts\/313849","targetHints":{"allow":["GET"]}}],"collection":[{"href":"https:\/\/www.hashtag.al\/index.php\/wp-json\/wp\/v2\/posts"}],"about":[{"href":"https:\/\/www.hashtag.al\/index.php\/wp-json\/wp\/v2\/types\/post"}],"author":[{"embeddable":true,"href":"https:\/\/www.hashtag.al\/index.php\/wp-json\/wp\/v2\/users\/32"}],"replies":[{"embeddable":true,"href":"https:\/\/www.hashtag.al\/index.php\/wp-json\/wp\/v2\/comments?post=313849"}],"version-history":[{"count":0,"href":"https:\/\/www.hashtag.al\/index.php\/wp-json\/wp\/v2\/posts\/313849\/revisions"}],"wp:featuredmedia":[{"embeddable":true,"href":"https:\/\/www.hashtag.al\/index.php\/wp-json\/wp\/v2\/media\/313850"}],"wp:attachment":[{"href":"https:\/\/www.hashtag.al\/index.php\/wp-json\/wp\/v2\/media?parent=313849"}],"wp:term":[{"taxonomy":"category","embeddable":true,"href":"https:\/\/www.hashtag.al\/index.php\/wp-json\/wp\/v2\/categories?post=313849"},{"taxonomy":"post_tag","embeddable":true,"href":"https:\/\/www.hashtag.al\/index.php\/wp-json\/wp\/v2\/tags?post=313849"}],"curies":[{"name":"wp","href":"https:\/\/api.w.org\/{rel}","templated":true}]}}