{"id":313634,"date":"2019-08-04T18:03:05","date_gmt":"2019-08-04T16:03:05","guid":{"rendered":"https:\/\/hashtag.al\/?p=313634"},"modified":"2019-08-04T18:04:12","modified_gmt":"2019-08-04T16:04:12","slug":"thirrjes-per-ndryshim-me-30-qershor-do-i-pergjigjemi-permes-zgjedhjeve-te-lira-e-te-ndershme-basha","status":"publish","type":"post","link":"https:\/\/www.hashtag.al\/index.php\/2019\/08\/04\/thirrjes-per-ndryshim-me-30-qershor-do-i-pergjigjemi-permes-zgjedhjeve-te-lira-e-te-ndershme-basha\/","title":{"rendered":"&#8216;Thirrjes p\u00ebr ndryshim m\u00eb 30 qershor, do i p\u00ebrgjigjemi p\u00ebrmes zgjedhjeve t\u00eb lira e t\u00eb ndershme&#8217; &#8211; Basha","gt_translate_keys":[{"key":"rendered","format":"text"}]},"content":{"rendered":"<p><img loading=\"lazy\" decoding=\"async\" class=\"aligncenter size-full wp-image-313635\" src=\"https:\/\/hashtag.al\/wp-content\/uploads\/2019\/08\/Bashafarrez4gusht.jpg\" alt=\"\" width=\"885\" height=\"666\" srcset=\"https:\/\/www.hashtag.al\/wp-content\/uploads\/2019\/08\/Bashafarrez4gusht.jpg 885w, https:\/\/www.hashtag.al\/wp-content\/uploads\/2019\/08\/Bashafarrez4gusht-300x226.jpg 300w, https:\/\/www.hashtag.al\/wp-content\/uploads\/2019\/08\/Bashafarrez4gusht-768x578.jpg 768w\" sizes=\"auto, (max-width: 885px) 100vw, 885px\" \/><\/p>\n<p><span style=\"color: #000000;\">Kreu i opozit\u00ebs s\u00eb bashkuar, Basha, deklaroi se varf\u00ebria, papun\u00ebsia, hajdut\u00ebria e padrejt\u00ebsia e Band\u00ebs s\u00eb Rilindjes jan\u00eb disa nga arsyet pse njer\u00ebzit refuzuan 30 qershorin.<\/span><\/p>\n<p><span style=\"color: #000000;\">N\u00eb takimin e zhvilluar me banor\u00ebt e Belshit, kryedemokrati tha se vet\u00ebm k\u00ebt\u00eb jav\u00eb, me tenderin korruptiv t\u00eb uniformave t\u00eb policis\u00eb, 15 milion\u00eb euro zhduken n\u00eb xhepat e Edi Ram\u00ebs. <\/span><\/p>\n<p><span style=\"color: #000000;\">Ai tha se thirrjes s\u00eb qytetar\u00ebve p\u00ebr ndryshim me 30 qershor, PD do i p\u00ebrgjigjet si e vetmja forc\u00eb q\u00eb ka fuqin\u00eb politike, p\u00ebrvoj\u00ebn, vizionin e programin p\u00ebr ndryshim.<\/span><\/p>\n<p><span style=\"color: #000000;\"><em>\u2018Varf\u00ebria, papun\u00ebsia, hajdut\u00ebria dhe padrejt\u00ebsia e Band\u00ebs s\u00eb Rilindjes jan\u00eb disa nga arsyet pse njer\u00ebzit e refuzuan 30 qershorin, duke e kuptuar se ato votime nuk ishin n\u00eb interes t\u00eb tyre, por p\u00ebr t\u00eb thelluar hajdut\u00ebrin\u00eb e Edi Ram\u00ebs, q\u00eb \u00ebsht\u00eb sot aktiviteti i tij i vet\u00ebm politik dhe ekonomik. <\/em><\/span><\/p>\n<p><span style=\"color: #000000;\"><em>Vet\u00ebm k\u00ebt\u00eb jav\u00eb, nga tenderi korruptiv p\u00ebr uniformat e policis\u00eb, 15 milion\u00eb euro zhduken n\u00eb xhepat e Edi Ram\u00ebs dhe bashk\u00ebpun\u00ebtor\u00ebve t\u00eb tij. Nd\u00ebrsa, nga tenderi korruptiv p\u00ebr sistemin e ri t\u00eb faturimit t\u00eb biznesit, i cili nxjerr jasht\u00eb p\u00ebrdorimit kasat fiskale, i shton biznesit nj\u00eb tarif\u00eb t\u00eb re deri n\u00eb 100 euro. K\u00ebt\u00eb po e b\u00ebn nj\u00eb kompani fantaz\u00ebm, gjoja kroate, e cila \u00ebsht\u00eb kompania e k\u00ebshilltarit t\u00eb Edi Ram\u00ebs dhe parat\u00eb do t\u00eb shkojn\u00eb te familjar\u00ebt e kryeministrit. <\/em><\/span><\/p>\n<p><span style=\"color: #000000;\"><em>Thirrjes tuaj p\u00ebr ndryshim me 30 qershor do ti p\u00ebrgjigjemi si e vetmja forc\u00eb q\u00eb ka fuqin\u00eb politike, p\u00ebrvoj\u00ebn, vizionin dhe programin p\u00ebr ta sjell\u00eb k\u00ebt\u00eb ndryshim p\u00ebrmes zgjedhjeve t\u00eb lira e t\u00eb ndershme!\u2019<\/em> &#8211; shkruan Basha n\u00eb \u2018Facebook\u2019.<\/span><\/p>\n<p><img loading=\"lazy\" decoding=\"async\" class=\"aligncenter size-full wp-image-313636\" src=\"https:\/\/hashtag.al\/wp-content\/uploads\/2019\/08\/bashabelsh4gusht.jpg5_.jpg\" alt=\"\" width=\"960\" height=\"640\" srcset=\"https:\/\/www.hashtag.al\/wp-content\/uploads\/2019\/08\/bashabelsh4gusht.jpg5_.jpg 960w, https:\/\/www.hashtag.al\/wp-content\/uploads\/2019\/08\/bashabelsh4gusht.jpg5_-300x200.jpg 300w, https:\/\/www.hashtag.al\/wp-content\/uploads\/2019\/08\/bashabelsh4gusht.jpg5_-768x512.jpg 768w\" sizes=\"auto, (max-width: 960px) 100vw, 960px\" \/> <img loading=\"lazy\" decoding=\"async\" class=\"aligncenter size-full wp-image-313637\" src=\"https:\/\/hashtag.al\/wp-content\/uploads\/2019\/08\/bashabelsh4gusht.jpg4_.jpg\" alt=\"\" width=\"960\" height=\"640\" srcset=\"https:\/\/www.hashtag.al\/wp-content\/uploads\/2019\/08\/bashabelsh4gusht.jpg4_.jpg 960w, https:\/\/www.hashtag.al\/wp-content\/uploads\/2019\/08\/bashabelsh4gusht.jpg4_-300x200.jpg 300w, https:\/\/www.hashtag.al\/wp-content\/uploads\/2019\/08\/bashabelsh4gusht.jpg4_-768x512.jpg 768w\" sizes=\"auto, (max-width: 960px) 100vw, 960px\" \/> <img loading=\"lazy\" decoding=\"async\" class=\"aligncenter size-full wp-image-313638\" src=\"https:\/\/hashtag.al\/wp-content\/uploads\/2019\/08\/bashabelsh4gusht.jpg\" alt=\"\" width=\"960\" height=\"640\" srcset=\"https:\/\/www.hashtag.al\/wp-content\/uploads\/2019\/08\/bashabelsh4gusht.jpg 960w, https:\/\/www.hashtag.al\/wp-content\/uploads\/2019\/08\/bashabelsh4gusht-300x200.jpg 300w, https:\/\/www.hashtag.al\/wp-content\/uploads\/2019\/08\/bashabelsh4gusht-768x512.jpg 768w\" sizes=\"auto, (max-width: 960px) 100vw, 960px\" \/> <img loading=\"lazy\" decoding=\"async\" class=\"aligncenter size-full wp-image-313639\" src=\"https:\/\/hashtag.al\/wp-content\/uploads\/2019\/08\/Bashafarrez4gusht.jpg2_.jpg\" alt=\"\" width=\"960\" height=\"563\" srcset=\"https:\/\/www.hashtag.al\/wp-content\/uploads\/2019\/08\/Bashafarrez4gusht.jpg2_.jpg 960w, https:\/\/www.hashtag.al\/wp-content\/uploads\/2019\/08\/Bashafarrez4gusht.jpg2_-300x176.jpg 300w, https:\/\/www.hashtag.al\/wp-content\/uploads\/2019\/08\/Bashafarrez4gusht.jpg2_-768x450.jpg 768w\" sizes=\"auto, (max-width: 960px) 100vw, 960px\" \/><\/p>\n","protected":false,"gt_translate_keys":[{"key":"rendered","format":"html"}]},"excerpt":{"rendered":"<p>Kreu i opozit\u00ebs s\u00eb bashkuar, Basha, deklaroi se varf\u00ebria, papun\u00ebsia, hajdut\u00ebria e padrejt\u00ebsia e Band\u00ebs s\u00eb Rilindjes jan\u00eb disa nga arsyet pse njer\u00ebzit refuzuan 30 qershorin. N\u00eb takimin e zhvilluar me banor\u00ebt e Belshit, kryedemokrati tha se vet\u00ebm k\u00ebt\u00eb jav\u00eb, me tenderin korruptiv t\u00eb uniformave t\u00eb policis\u00eb, 15 milion\u00eb euro zhduken n\u00eb xhepat e Edi [&hellip;]<\/p>\n","protected":false,"gt_translate_keys":[{"key":"rendered","format":"html"}]},"author":51,"featured_media":313638,"comment_status":"open","ping_status":"open","sticky":false,"template":"","format":"standard","meta":{"footnotes":""},"categories":[65,13],"tags":[],"class_list":["post-313634","post","type-post","status-publish","format-standard","has-post-thumbnail","hentry","category-lajme","category-te-fundit"],"gt_translate_keys":[{"key":"link","format":"url"}],"_links":{"self":[{"href":"https:\/\/www.hashtag.al\/index.php\/wp-json\/wp\/v2\/posts\/313634","targetHints":{"allow":["GET"]}}],"collection":[{"href":"https:\/\/www.hashtag.al\/index.php\/wp-json\/wp\/v2\/posts"}],"about":[{"href":"https:\/\/www.hashtag.al\/index.php\/wp-json\/wp\/v2\/types\/post"}],"author":[{"embeddable":true,"href":"https:\/\/www.hashtag.al\/index.php\/wp-json\/wp\/v2\/users\/51"}],"replies":[{"embeddable":true,"href":"https:\/\/www.hashtag.al\/index.php\/wp-json\/wp\/v2\/comments?post=313634"}],"version-history":[{"count":0,"href":"https:\/\/www.hashtag.al\/index.php\/wp-json\/wp\/v2\/posts\/313634\/revisions"}],"wp:featuredmedia":[{"embeddable":true,"href":"https:\/\/www.hashtag.al\/index.php\/wp-json\/wp\/v2\/media\/313638"}],"wp:attachment":[{"href":"https:\/\/www.hashtag.al\/index.php\/wp-json\/wp\/v2\/media?parent=313634"}],"wp:term":[{"taxonomy":"category","embeddable":true,"href":"https:\/\/www.hashtag.al\/index.php\/wp-json\/wp\/v2\/categories?post=313634"},{"taxonomy":"post_tag","embeddable":true,"href":"https:\/\/www.hashtag.al\/index.php\/wp-json\/wp\/v2\/tags?post=313634"}],"curies":[{"name":"wp","href":"https:\/\/api.w.org\/{rel}","templated":true}]}}