{"id":313578,"date":"2019-08-04T12:06:02","date_gmt":"2019-08-04T10:06:02","guid":{"rendered":"https:\/\/hashtag.al\/?p=313578"},"modified":"2019-08-04T12:06:02","modified_gmt":"2019-08-04T10:06:02","slug":"presidenti-meta-mesazh-solidariteti-per-viktimat-ne-dy-sulmet-me-arme-ne-shba","status":"publish","type":"post","link":"https:\/\/www.hashtag.al\/index.php\/2019\/08\/04\/presidenti-meta-mesazh-solidariteti-per-viktimat-ne-dy-sulmet-me-arme-ne-shba\/","title":{"rendered":"Presidenti Meta mesazh solidariteti p\u00ebr viktimat n\u00eb dy sulmet me arm\u00eb n\u00eb SHBA","gt_translate_keys":[{"key":"rendered","format":"text"}]},"content":{"rendered":"<p><img loading=\"lazy\" decoding=\"async\" class=\"aligncenter size-full wp-image-313311\" src=\"https:\/\/hashtag.al\/wp-content\/uploads\/2019\/08\/Meta-675x450.jpeg\" alt=\"\" width=\"675\" height=\"450\" srcset=\"https:\/\/www.hashtag.al\/wp-content\/uploads\/2019\/08\/Meta-675x450.jpeg 675w, https:\/\/www.hashtag.al\/wp-content\/uploads\/2019\/08\/Meta-675x450-300x200.jpeg 300w\" sizes=\"auto, (max-width: 675px) 100vw, 675px\" \/><\/p>\n<p><span style=\"color: #000000;\">Presidenti Ilir Meta ka dh\u00ebn\u00eb nj\u00eb mesazh solidariteti p\u00ebr ngjarjet n\u00eb SHBA ku humb\u00ebn jet\u00ebn disa persona nga dy sulme me arm\u00eb.<\/span><\/p>\n<p><span style=\"color: #000000;\">\u201c<em>Shum\u00eb i trishtuar dhe i tronditur nga humbjet e jet\u00ebve t\u00eb pafajshme n\u00eb ElPaso dhe Ohio. Lutjet dhe mendimet e mia p\u00ebr familjet e viktimave. Solidaritet me kombin e madh amerika<\/em>\u201c, shkruan Meta.<\/span><\/p>\n<p><span style=\"color: #000000;\">N\u00eb sulmin e par\u00eb n\u00eb Teksas humb\u00ebn jet\u00ebn 20 persona nd\u00ebrsa n\u00eb t\u00eb dytin n\u00eb Ohio humb\u00ebn jet\u00ebn 9 persona.<\/span><\/p>\n","protected":false,"gt_translate_keys":[{"key":"rendered","format":"html"}]},"excerpt":{"rendered":"<p>Presidenti Ilir Meta ka dh\u00ebn\u00eb nj\u00eb mesazh solidariteti p\u00ebr ngjarjet n\u00eb SHBA ku humb\u00ebn jet\u00ebn disa persona nga dy sulme me arm\u00eb. \u201cShum\u00eb i trishtuar dhe i tronditur nga humbjet e jet\u00ebve t\u00eb pafajshme n\u00eb ElPaso dhe Ohio. Lutjet dhe mendimet e mia p\u00ebr familjet e viktimave. Solidaritet me kombin e madh amerika\u201c, shkruan Meta. [&hellip;]<\/p>\n","protected":false,"gt_translate_keys":[{"key":"rendered","format":"html"}]},"author":32,"featured_media":313311,"comment_status":"open","ping_status":"open","sticky":false,"template":"","format":"standard","meta":{"footnotes":""},"categories":[65,13],"tags":[],"class_list":["post-313578","post","type-post","status-publish","format-standard","has-post-thumbnail","hentry","category-lajme","category-te-fundit"],"gt_translate_keys":[{"key":"link","format":"url"}],"_links":{"self":[{"href":"https:\/\/www.hashtag.al\/index.php\/wp-json\/wp\/v2\/posts\/313578","targetHints":{"allow":["GET"]}}],"collection":[{"href":"https:\/\/www.hashtag.al\/index.php\/wp-json\/wp\/v2\/posts"}],"about":[{"href":"https:\/\/www.hashtag.al\/index.php\/wp-json\/wp\/v2\/types\/post"}],"author":[{"embeddable":true,"href":"https:\/\/www.hashtag.al\/index.php\/wp-json\/wp\/v2\/users\/32"}],"replies":[{"embeddable":true,"href":"https:\/\/www.hashtag.al\/index.php\/wp-json\/wp\/v2\/comments?post=313578"}],"version-history":[{"count":0,"href":"https:\/\/www.hashtag.al\/index.php\/wp-json\/wp\/v2\/posts\/313578\/revisions"}],"wp:featuredmedia":[{"embeddable":true,"href":"https:\/\/www.hashtag.al\/index.php\/wp-json\/wp\/v2\/media\/313311"}],"wp:attachment":[{"href":"https:\/\/www.hashtag.al\/index.php\/wp-json\/wp\/v2\/media?parent=313578"}],"wp:term":[{"taxonomy":"category","embeddable":true,"href":"https:\/\/www.hashtag.al\/index.php\/wp-json\/wp\/v2\/categories?post=313578"},{"taxonomy":"post_tag","embeddable":true,"href":"https:\/\/www.hashtag.al\/index.php\/wp-json\/wp\/v2\/tags?post=313578"}],"curies":[{"name":"wp","href":"https:\/\/api.w.org\/{rel}","templated":true}]}}