{"id":313480,"date":"2019-08-03T16:35:17","date_gmt":"2019-08-03T14:35:17","guid":{"rendered":"https:\/\/hashtag.al\/?p=313480"},"modified":"2019-08-03T16:35:17","modified_gmt":"2019-08-03T14:35:17","slug":"rama-provokon-artistet-qe-mbrojne-teatrin-me-fotot-e-operes-qe-po-rinovohet-keshtu-do-shkelqeje-edhe-teatri-neser","status":"publish","type":"post","link":"https:\/\/www.hashtag.al\/index.php\/2019\/08\/03\/rama-provokon-artistet-qe-mbrojne-teatrin-me-fotot-e-operes-qe-po-rinovohet-keshtu-do-shkelqeje-edhe-teatri-neser\/","title":{"rendered":"Rama provokon artist\u00ebt q\u00eb mbrojn\u00eb Teatrin me fotot e Oper\u00ebs q\u00eb po rinovohet: K\u00ebshtu do shk\u00eblqej\u00eb edhe Teatri nes\u00ebr","gt_translate_keys":[{"key":"rendered","format":"text"}]},"content":{"rendered":"<p><img loading=\"lazy\" decoding=\"async\" class=\"aligncenter size-full wp-image-280804\" src=\"https:\/\/hashtag.al\/wp-content\/uploads\/2019\/03\/ramateatri1.jpg\" alt=\"\" width=\"2000\" height=\"1000\" srcset=\"https:\/\/www.hashtag.al\/wp-content\/uploads\/2019\/03\/ramateatri1.jpg 2000w, https:\/\/www.hashtag.al\/wp-content\/uploads\/2019\/03\/ramateatri1-300x150.jpg 300w, https:\/\/www.hashtag.al\/wp-content\/uploads\/2019\/03\/ramateatri1-768x384.jpg 768w, https:\/\/www.hashtag.al\/wp-content\/uploads\/2019\/03\/ramateatri1-1024x512.jpg 1024w\" sizes=\"auto, (max-width: 2000px) 100vw, 2000px\" \/><\/p>\n<p><span style=\"color: #000000;\">Kryeministri Edi Rama nuk ndalet n\u00eb luft\u00ebn e tij me mb\u00ebshtet\u00ebsit e kauz\u00ebs p\u00ebr mbrojtjen e godin\u00ebs s\u00eb Teatrit Komb\u00ebtar nga prishja.<\/span><\/p>\n<p><span style=\"color: #000000;\">Vet\u00ebm pak minuta m\u00eb par\u00eb Rama i ka b\u00ebr\u00eb karshill\u00ebk me fotot nga rinovimi i Teatrit t\u00eb Operas dhe Baletit. Duke prezantuar rinoviminin n\u00ebp\u00ebrmjet fotove Rama i jep mesazhin artist\u00ebve q\u00eb mbrojn\u00eb Teatrin duke vazhduar edhe nj\u00eb her\u00eb se godina \u00ebsht\u00eb e parikonstruktueshme.<\/span><\/p>\n<p><strong><span style=\"color: #000000;\">Postimi i plot\u00eb:<\/span><\/strong><\/p>\n<p><span style=\"color: #000000;\">S\u00cb SHPEJTI SHQIP\u00cbRIA do t\u00eb ket\u00eb nj\u00eb TEAT\u00cbR T\u00cb RI T\u00cb OPERAS DHE BALETIT (Shihni fotoalbumin e kantierit &#8211; Opera, edhe pse ishte ku e ku m\u00eb e mir\u00eb, se sa karakatina e turpshme prej tallashi e Teatrit Komb\u00ebtar, nuk krahasohej dot as me teatrot e qytezave t\u00eb Europ\u00ebs<\/span><\/p>\n<p><span style=\"color: #000000;\">Dhe me k\u00ebt\u00eb rast, kush ka sy t\u00eb shikoj\u00eb e mendje t\u00eb mendoj\u00eb, mund t\u00eb shoh\u00eb (edhe pse ende s\u2019ka p\u00ebrfunduar Salla e Madhe e shfaqjeve), pa asnj\u00eb mundim, dallimin si nata me dit\u00ebn, mes pasionit ton\u00eb p\u00ebr t\u00eb bukur\u00ebn e\u00a0p\u00ebr dinjitozen dhe lidhjes s\u00eb pandashme me sh\u00ebmtin\u00eb e me pisll\u00ebkun, t\u00eb atyre q\u00eb u vriten syt\u00eb nga drita e t\u00eb res\u00eb<\/span><\/p>\n<p><span style=\"color: #000000;\">Ja k\u00ebshtu, nj\u00ebsoj, do t\u00eb shk\u00eblqej\u00eb nes\u00ebr edhe Teatri i ri Komb\u00ebtar, i cili p\u00ebrve\u00e7se do t\u00eb jet\u00eb nj\u00eb g\u00ebzim nga brenda p\u00ebr \u00e7do artist e artdash\u00ebs, do t\u00eb rrezatoj\u00eb edhe nga jasht\u00eb, si nj\u00eb kryevep\u00ebr e arkitektur\u00ebs bashk\u00ebkohore, fal\u00eb talentit t\u00eb arkitektit t\u00eb famsh\u00ebm danez Bjarke Ingels e t\u00eb studios s\u00eb tij prestigjoze \u201cBIG\u201d<\/span><\/p>\n<p><span style=\"color: #000000;\">(Kjo vlen edhe p\u00ebr ata q\u00eb e kan\u00eb romuzin 3D n\u00eb maj\u00eb t\u00eb gjuh\u00ebs kur komentojn\u00eb, sepse para se t\u00eb niste ky kantier, 3D ishte edhe kjo k\u00ebtu)<\/span><br \/>\n<iframe loading=\"lazy\" style=\"border: none; overflow: hidden;\" src=\"https:\/\/www.facebook.com\/plugins\/post.php?href=https%3A%2F%2Fwww.facebook.com%2Fedirama.al%2Fposts%2F10156880769991523&amp;width=500\" width=\"500\" height=\"789\" frameborder=\"0\" scrolling=\"no\"><\/iframe><\/p>\n","protected":false,"gt_translate_keys":[{"key":"rendered","format":"html"}]},"excerpt":{"rendered":"<p>Kryeministri Edi Rama nuk ndalet n\u00eb luft\u00ebn e tij me mb\u00ebshtet\u00ebsit e kauz\u00ebs p\u00ebr mbrojtjen e godin\u00ebs s\u00eb Teatrit Komb\u00ebtar nga prishja. Vet\u00ebm pak minuta m\u00eb par\u00eb Rama i ka b\u00ebr\u00eb karshill\u00ebk me fotot nga rinovimi i Teatrit t\u00eb Operas dhe Baletit. Duke prezantuar rinoviminin n\u00ebp\u00ebrmjet fotove Rama i jep mesazhin artist\u00ebve q\u00eb mbrojn\u00eb Teatrin [&hellip;]<\/p>\n","protected":false,"gt_translate_keys":[{"key":"rendered","format":"html"}]},"author":32,"featured_media":280803,"comment_status":"open","ping_status":"open","sticky":false,"template":"","format":"standard","meta":{"footnotes":""},"categories":[65,13],"tags":[],"class_list":["post-313480","post","type-post","status-publish","format-standard","has-post-thumbnail","hentry","category-lajme","category-te-fundit"],"gt_translate_keys":[{"key":"link","format":"url"}],"_links":{"self":[{"href":"https:\/\/www.hashtag.al\/index.php\/wp-json\/wp\/v2\/posts\/313480","targetHints":{"allow":["GET"]}}],"collection":[{"href":"https:\/\/www.hashtag.al\/index.php\/wp-json\/wp\/v2\/posts"}],"about":[{"href":"https:\/\/www.hashtag.al\/index.php\/wp-json\/wp\/v2\/types\/post"}],"author":[{"embeddable":true,"href":"https:\/\/www.hashtag.al\/index.php\/wp-json\/wp\/v2\/users\/32"}],"replies":[{"embeddable":true,"href":"https:\/\/www.hashtag.al\/index.php\/wp-json\/wp\/v2\/comments?post=313480"}],"version-history":[{"count":0,"href":"https:\/\/www.hashtag.al\/index.php\/wp-json\/wp\/v2\/posts\/313480\/revisions"}],"wp:featuredmedia":[{"embeddable":true,"href":"https:\/\/www.hashtag.al\/index.php\/wp-json\/wp\/v2\/media\/280803"}],"wp:attachment":[{"href":"https:\/\/www.hashtag.al\/index.php\/wp-json\/wp\/v2\/media?parent=313480"}],"wp:term":[{"taxonomy":"category","embeddable":true,"href":"https:\/\/www.hashtag.al\/index.php\/wp-json\/wp\/v2\/categories?post=313480"},{"taxonomy":"post_tag","embeddable":true,"href":"https:\/\/www.hashtag.al\/index.php\/wp-json\/wp\/v2\/tags?post=313480"}],"curies":[{"name":"wp","href":"https:\/\/api.w.org\/{rel}","templated":true}]}}