{"id":313254,"date":"2019-08-02T17:59:24","date_gmt":"2019-08-02T15:59:24","guid":{"rendered":"https:\/\/hashtag.al\/?p=313254"},"modified":"2019-08-02T21:46:48","modified_gmt":"2019-08-02T19:46:48","slug":"te-shtena-me-arme-ne-elbasan-plagosen-3-persona","status":"publish","type":"post","link":"https:\/\/www.hashtag.al\/index.php\/2019\/08\/02\/te-shtena-me-arme-ne-elbasan-plagosen-3-persona\/","title":{"rendered":"T\u00eb sht\u00ebna me arm\u00eb n\u00eb Elbasan, plagosen 3 persona","gt_translate_keys":[{"key":"rendered","format":"text"}]},"content":{"rendered":"<p><span style=\"color: #000000;\"><img loading=\"lazy\" decoding=\"async\" class=\"aligncenter size-full wp-image-313263\" src=\"https:\/\/hashtag.al\/wp-content\/uploads\/2019\/08\/elbasan2gusht.jpg1_.jpg\" alt=\"\" width=\"1107\" height=\"607\" srcset=\"https:\/\/www.hashtag.al\/wp-content\/uploads\/2019\/08\/elbasan2gusht.jpg1_.jpg 1107w, https:\/\/www.hashtag.al\/wp-content\/uploads\/2019\/08\/elbasan2gusht.jpg1_-300x164.jpg 300w, https:\/\/www.hashtag.al\/wp-content\/uploads\/2019\/08\/elbasan2gusht.jpg1_-768x421.jpg 768w, https:\/\/www.hashtag.al\/wp-content\/uploads\/2019\/08\/elbasan2gusht.jpg1_-1024x561.jpg 1024w\" sizes=\"auto, (max-width: 1107px) 100vw, 1107px\" \/><\/span><\/p>\n<p><span style=\"color: #000000;\">T\u00eb sht\u00ebna me arm\u00eb kan\u00eb tronditur Elbasanin pasditen e sotme. <\/span><\/p>\n<p><span style=\"color: #000000;\">T\u00eb sht\u00ebnat kan\u00eb ndodhur pran\u00eb Pallatit t\u00eb Sportit nd\u00ebrsa m\u00ebsohet se jan\u00eb plagosur tre persona.<\/span><\/p>\n<p><span style=\"color: #000000;\">Ngjarja ka ndodhur n\u00eb nj\u00eb bar pran\u00eb pallatit t\u00eb sportit dhe dyshohet se kat\u00ebr persona kan\u00eb qen\u00eb t\u00eb ulur n\u00eb nj\u00eb tavolin\u00eb. <\/span><\/p>\n<p><span style=\"color: #000000;\">Dyshohet se mes tyre ka pasur nj\u00eb sherr p\u00ebr motive t\u00eb dob\u00ebta dhe nj\u00ebri prej tyre ka shkuar n\u00eb sht\u00ebpi dhe ka m\u00eb nj\u00eb automatik dhe ka q\u00eblluar ndaj 3 t\u00eb tjer\u00ebve.\u00a0<\/span><\/p>\n<p><span style=\"color: #000000;\">T\u00eb plagosurit jan\u00eb identifikuar si Fejzi Ago, Mihal Kocashi e Astrit C\u00ebrriku, nd\u00ebrsa autori i dyshuar i plagosjes \u00ebsht\u00eb Genti Faqja cili \u00ebsht\u00eb shpallur n\u00eb k\u00ebrkim nga policia.<\/span><\/p>\n<p><span style=\"color: #000000;\"><img loading=\"lazy\" decoding=\"async\" class=\"aligncenter size-full wp-image-313264\" src=\"https:\/\/hashtag.al\/wp-content\/uploads\/2019\/08\/elbasan2gusht.jpg2_.jpg\" alt=\"\" width=\"1099\" height=\"615\" srcset=\"https:\/\/www.hashtag.al\/wp-content\/uploads\/2019\/08\/elbasan2gusht.jpg2_.jpg 1099w, https:\/\/www.hashtag.al\/wp-content\/uploads\/2019\/08\/elbasan2gusht.jpg2_-300x168.jpg 300w, https:\/\/www.hashtag.al\/wp-content\/uploads\/2019\/08\/elbasan2gusht.jpg2_-768x430.jpg 768w, https:\/\/www.hashtag.al\/wp-content\/uploads\/2019\/08\/elbasan2gusht.jpg2_-1024x573.jpg 1024w\" sizes=\"auto, (max-width: 1099px) 100vw, 1099px\" \/><\/span><\/p>\n","protected":false,"gt_translate_keys":[{"key":"rendered","format":"html"}]},"excerpt":{"rendered":"<p>T\u00eb sht\u00ebna me arm\u00eb kan\u00eb tronditur Elbasanin pasditen e sotme. T\u00eb sht\u00ebnat kan\u00eb ndodhur pran\u00eb Pallatit t\u00eb Sportit nd\u00ebrsa m\u00ebsohet se jan\u00eb plagosur tre persona. Ngjarja ka ndodhur n\u00eb nj\u00eb bar pran\u00eb pallatit t\u00eb sportit dhe dyshohet se kat\u00ebr persona kan\u00eb qen\u00eb t\u00eb ulur n\u00eb nj\u00eb tavolin\u00eb. Dyshohet se mes tyre ka pasur nj\u00eb sherr [&hellip;]<\/p>\n","protected":false,"gt_translate_keys":[{"key":"rendered","format":"html"}]},"author":51,"featured_media":313263,"comment_status":"open","ping_status":"open","sticky":false,"template":"","format":"standard","meta":{"footnotes":""},"categories":[65,13],"tags":[],"class_list":["post-313254","post","type-post","status-publish","format-standard","has-post-thumbnail","hentry","category-lajme","category-te-fundit"],"gt_translate_keys":[{"key":"link","format":"url"}],"_links":{"self":[{"href":"https:\/\/www.hashtag.al\/index.php\/wp-json\/wp\/v2\/posts\/313254","targetHints":{"allow":["GET"]}}],"collection":[{"href":"https:\/\/www.hashtag.al\/index.php\/wp-json\/wp\/v2\/posts"}],"about":[{"href":"https:\/\/www.hashtag.al\/index.php\/wp-json\/wp\/v2\/types\/post"}],"author":[{"embeddable":true,"href":"https:\/\/www.hashtag.al\/index.php\/wp-json\/wp\/v2\/users\/51"}],"replies":[{"embeddable":true,"href":"https:\/\/www.hashtag.al\/index.php\/wp-json\/wp\/v2\/comments?post=313254"}],"version-history":[{"count":0,"href":"https:\/\/www.hashtag.al\/index.php\/wp-json\/wp\/v2\/posts\/313254\/revisions"}],"wp:featuredmedia":[{"embeddable":true,"href":"https:\/\/www.hashtag.al\/index.php\/wp-json\/wp\/v2\/media\/313263"}],"wp:attachment":[{"href":"https:\/\/www.hashtag.al\/index.php\/wp-json\/wp\/v2\/media?parent=313254"}],"wp:term":[{"taxonomy":"category","embeddable":true,"href":"https:\/\/www.hashtag.al\/index.php\/wp-json\/wp\/v2\/categories?post=313254"},{"taxonomy":"post_tag","embeddable":true,"href":"https:\/\/www.hashtag.al\/index.php\/wp-json\/wp\/v2\/tags?post=313254"}],"curies":[{"name":"wp","href":"https:\/\/api.w.org\/{rel}","templated":true}]}}