{"id":313248,"date":"2019-08-02T17:53:26","date_gmt":"2019-08-02T15:53:26","guid":{"rendered":"https:\/\/hashtag.al\/?p=313248"},"modified":"2019-08-02T17:55:50","modified_gmt":"2019-08-02T15:55:50","slug":"30-qershori-referendum-popullor-ndryshimi-do-vije-me-largimin-e-rames-dhe-oligarkeve-hajdute-basha","status":"publish","type":"post","link":"https:\/\/www.hashtag.al\/index.php\/2019\/08\/02\/30-qershori-referendum-popullor-ndryshimi-do-vije-me-largimin-e-rames-dhe-oligarkeve-hajdute-basha\/","title":{"rendered":"&#8217;30 qershori referendum popullor, ndryshimi do vij\u00eb me largimin e Ram\u00ebs dhe oligark\u00ebve hajdut\u00eb&#8217; &#8211; Basha","gt_translate_keys":[{"key":"rendered","format":"text"}]},"content":{"rendered":"<p><img loading=\"lazy\" decoding=\"async\" class=\"aligncenter size-full wp-image-313249\" src=\"https:\/\/hashtag.al\/wp-content\/uploads\/2019\/08\/bashapeqin2gusht.jpg4_.jpg\" alt=\"\" width=\"960\" height=\"640\" srcset=\"https:\/\/www.hashtag.al\/wp-content\/uploads\/2019\/08\/bashapeqin2gusht.jpg4_.jpg 960w, https:\/\/www.hashtag.al\/wp-content\/uploads\/2019\/08\/bashapeqin2gusht.jpg4_-300x200.jpg 300w, https:\/\/www.hashtag.al\/wp-content\/uploads\/2019\/08\/bashapeqin2gusht.jpg4_-768x512.jpg 768w\" sizes=\"auto, (max-width: 960px) 100vw, 960px\" \/><\/p>\n<p><span style=\"color: #000000;\">Kreu i Partis\u00eb Demokratike, Basha, ka zhvilluar nj\u00eb takim me qytetar\u00ebt dhe mb\u00ebshtet\u00ebsit e PD-s\u00eb n\u00eb Peqin.<\/span><\/p>\n<p><span style=\"color: #000000;\"> N\u00eb fjal\u00ebn e tij para qytetar\u00ebve, kryedemokrati ka deklaruar se hajdut\u00ebria e kryeministrit Rama \u00ebsht\u00eb arsyeja pse shqiptar\u00ebt jan\u00eb t\u00eb papun\u00eb dhe n\u00eb kriz\u00eb. <\/span><\/p>\n<p><span style=\"color: #000000;\">Ai theksoi se hadut\u00ebria e Ram\u00ebs \u00ebsht\u00eb p\u00ebrgjegj\u00ebse p\u00ebr kolapsin e sh\u00ebndet\u00ebsis\u00eb, arsimit dhe emigracionit g\u00ebrryes. <\/span><\/p>\n<p><span style=\"color: #000000;\">Kreu i opozit\u00ebs theksoi gjithashtu se 30 qershori ishte referendum popullor p\u00ebr ndryshim dhe ai do vij\u00eb p\u00ebrmes largimit t\u00eb Ram\u00ebs dhe band\u00ebs s\u00eb oligark\u00ebve hajdut\u00eb.<\/span><\/p>\n<p><span style=\"color: #000000;\"><em>&#8216;Hajdut\u00ebria e Edi Ram\u00ebs \u00ebsht\u00eb arsyeja pse shqiptar\u00ebt jan\u00eb t\u00eb papun\u00eb dhe n\u00eb kriz\u00eb!<\/em><\/span><\/p>\n<p><span style=\"color: #000000;\"><em>Kjo \u00ebsht\u00eb arsyeja pse sh\u00ebndet\u00ebsia, arsimi dhe gjith\u00e7ka tjet\u00ebr jan\u00eb n\u00eb kolaps. Kjo \u00ebsht\u00eb arsyeja pse po p\u00ebrjetojm\u00eb emigracionin m\u00eb g\u00ebrryes dhe m\u00eb t\u00eb rreziksh\u00ebm se ai i fillim viteve \u201990.<\/em><\/span><\/p>\n<p><span style=\"color: #000000;\"><em>Sepse ekonomin\u00eb dhe mund\u00ebsit\u00eb ekonomike i kan\u00eb marr\u00eb oligark\u00ebt dhe klient\u00ebt e Edi Ram\u00ebs, shpresat e tyre i ka vrar\u00eb Edi Rama me oligark\u00ebt grabitqar\u00eb.<\/em><\/span><\/p>\n<p><span style=\"color: #000000;\"><em>30 qershori u kthye n\u00eb nj\u00eb referendum popullor p\u00ebr ndryshim dhe ky ndryshim do t\u00eb vij\u00eb vet\u00ebm p\u00ebrmes largimit t\u00eb Edi Ram\u00ebs, duke i dh\u00ebn\u00eb fund, bashk\u00eb me t\u00eb, edhe band\u00ebs s\u00eb oligark\u00ebve e hajdut\u00ebve.&#8217;<\/em> &#8211; shkruan Basha n\u00eb &#8216;Facebook&#8217;.<\/span><\/p>\n<p><img loading=\"lazy\" decoding=\"async\" class=\"aligncenter size-full wp-image-313250\" src=\"https:\/\/hashtag.al\/wp-content\/uploads\/2019\/08\/bashapeqin2gusht.jpg3_.jpg\" alt=\"\" width=\"960\" height=\"640\" srcset=\"https:\/\/www.hashtag.al\/wp-content\/uploads\/2019\/08\/bashapeqin2gusht.jpg3_.jpg 960w, https:\/\/www.hashtag.al\/wp-content\/uploads\/2019\/08\/bashapeqin2gusht.jpg3_-300x200.jpg 300w, https:\/\/www.hashtag.al\/wp-content\/uploads\/2019\/08\/bashapeqin2gusht.jpg3_-768x512.jpg 768w\" sizes=\"auto, (max-width: 960px) 100vw, 960px\" \/> <img loading=\"lazy\" decoding=\"async\" class=\"aligncenter size-full wp-image-313251\" src=\"https:\/\/hashtag.al\/wp-content\/uploads\/2019\/08\/bashapeqin2gusht.jpg2_.jpg\" alt=\"\" width=\"960\" height=\"640\" srcset=\"https:\/\/www.hashtag.al\/wp-content\/uploads\/2019\/08\/bashapeqin2gusht.jpg2_.jpg 960w, https:\/\/www.hashtag.al\/wp-content\/uploads\/2019\/08\/bashapeqin2gusht.jpg2_-300x200.jpg 300w, https:\/\/www.hashtag.al\/wp-content\/uploads\/2019\/08\/bashapeqin2gusht.jpg2_-768x512.jpg 768w\" sizes=\"auto, (max-width: 960px) 100vw, 960px\" \/> <img loading=\"lazy\" decoding=\"async\" class=\"aligncenter size-full wp-image-313252\" src=\"https:\/\/hashtag.al\/wp-content\/uploads\/2019\/08\/bashapeqin2gusht.jpg\" alt=\"\" width=\"960\" height=\"640\" srcset=\"https:\/\/www.hashtag.al\/wp-content\/uploads\/2019\/08\/bashapeqin2gusht.jpg 960w, https:\/\/www.hashtag.al\/wp-content\/uploads\/2019\/08\/bashapeqin2gusht-300x200.jpg 300w, https:\/\/www.hashtag.al\/wp-content\/uploads\/2019\/08\/bashapeqin2gusht-768x512.jpg 768w\" sizes=\"auto, (max-width: 960px) 100vw, 960px\" \/><\/p>\n","protected":false,"gt_translate_keys":[{"key":"rendered","format":"html"}]},"excerpt":{"rendered":"<p>Kreu i Partis\u00eb Demokratike, Basha, ka zhvilluar nj\u00eb takim me qytetar\u00ebt dhe mb\u00ebshtet\u00ebsit e PD-s\u00eb n\u00eb Peqin. N\u00eb fjal\u00ebn e tij para qytetar\u00ebve, kryedemokrati ka deklaruar se hajdut\u00ebria e kryeministrit Rama \u00ebsht\u00eb arsyeja pse shqiptar\u00ebt jan\u00eb t\u00eb papun\u00eb dhe n\u00eb kriz\u00eb. Ai theksoi se hadut\u00ebria e Ram\u00ebs \u00ebsht\u00eb p\u00ebrgjegj\u00ebse p\u00ebr kolapsin e sh\u00ebndet\u00ebsis\u00eb, arsimit dhe [&hellip;]<\/p>\n","protected":false,"gt_translate_keys":[{"key":"rendered","format":"html"}]},"author":51,"featured_media":313249,"comment_status":"open","ping_status":"open","sticky":false,"template":"","format":"standard","meta":{"footnotes":""},"categories":[65,13],"tags":[],"class_list":["post-313248","post","type-post","status-publish","format-standard","has-post-thumbnail","hentry","category-lajme","category-te-fundit"],"gt_translate_keys":[{"key":"link","format":"url"}],"_links":{"self":[{"href":"https:\/\/www.hashtag.al\/index.php\/wp-json\/wp\/v2\/posts\/313248","targetHints":{"allow":["GET"]}}],"collection":[{"href":"https:\/\/www.hashtag.al\/index.php\/wp-json\/wp\/v2\/posts"}],"about":[{"href":"https:\/\/www.hashtag.al\/index.php\/wp-json\/wp\/v2\/types\/post"}],"author":[{"embeddable":true,"href":"https:\/\/www.hashtag.al\/index.php\/wp-json\/wp\/v2\/users\/51"}],"replies":[{"embeddable":true,"href":"https:\/\/www.hashtag.al\/index.php\/wp-json\/wp\/v2\/comments?post=313248"}],"version-history":[{"count":0,"href":"https:\/\/www.hashtag.al\/index.php\/wp-json\/wp\/v2\/posts\/313248\/revisions"}],"wp:featuredmedia":[{"embeddable":true,"href":"https:\/\/www.hashtag.al\/index.php\/wp-json\/wp\/v2\/media\/313249"}],"wp:attachment":[{"href":"https:\/\/www.hashtag.al\/index.php\/wp-json\/wp\/v2\/media?parent=313248"}],"wp:term":[{"taxonomy":"category","embeddable":true,"href":"https:\/\/www.hashtag.al\/index.php\/wp-json\/wp\/v2\/categories?post=313248"},{"taxonomy":"post_tag","embeddable":true,"href":"https:\/\/www.hashtag.al\/index.php\/wp-json\/wp\/v2\/tags?post=313248"}],"curies":[{"name":"wp","href":"https:\/\/api.w.org\/{rel}","templated":true}]}}