{"id":313160,"date":"2019-08-02T11:52:51","date_gmt":"2019-08-02T09:52:51","guid":{"rendered":"https:\/\/hashtag.al\/?p=313160"},"modified":"2019-08-02T11:54:38","modified_gmt":"2019-08-02T09:54:38","slug":"iu-refuzua-viza-nga-shba-ja-dako-thirret-per-here-te-dyte-te-krimet-e-renda","status":"publish","type":"post","link":"https:\/\/www.hashtag.al\/index.php\/2019\/08\/02\/iu-refuzua-viza-nga-shba-ja-dako-thirret-per-here-te-dyte-te-krimet-e-renda\/","title":{"rendered":"Iu refuzua viza nga SHBA-ja, Dako thirret p\u00ebr her\u00eb t\u00eb dyt\u00eb te Krimet e R\u00ebnda","gt_translate_keys":[{"key":"rendered","format":"text"}]},"content":{"rendered":"<p><img loading=\"lazy\" decoding=\"async\" class=\"aligncenter size-full wp-image-251659\" src=\"https:\/\/hashtag.al\/wp-content\/uploads\/2018\/11\/gjushdako.jpg\" alt=\"\" width=\"1024\" height=\"684\" srcset=\"https:\/\/www.hashtag.al\/wp-content\/uploads\/2018\/11\/gjushdako.jpg 1024w, https:\/\/www.hashtag.al\/wp-content\/uploads\/2018\/11\/gjushdako-300x200.jpg 300w, https:\/\/www.hashtag.al\/wp-content\/uploads\/2018\/11\/gjushdako-768x513.jpg 768w\" sizes=\"auto, (max-width: 1024px) 100vw, 1024px\" \/><\/p>\n<p><span style=\"color: #000000; font-family: Calibri;\">Vangjush Dako ka marr\u00eb p\u00ebr her\u00eb t\u00eb dyt\u00eb nj\u00eb flet\u00ebthirrje nga Gjykata e Krimeve t\u00eb R\u00ebnda, p\u00ebr t\u00eb d\u00ebshmuar lidhur me dosjen &#8220;339&#8221;.<\/span><\/p>\n<p><span style=\"color: #000000; font-family: Calibri;\">Kjo vjen pak dit\u00eb pasi SHBA-ja i refuzoi viz\u00ebn Dakos dhe familjes s\u00eb tij.<\/span><\/p>\n<p><span style=\"color: #000000;\"><span style=\"font-family: Calibri;\">Z\u00ebvend\u00ebs Ndihm\u00ebs-Sekretar i Shtetit, Matthe\u00eb Palmer\u00a0tha <\/span><span style=\"font-family: Calibri;\">se SHBA-ja ka d\u00ebshmi t\u00eb forta p\u00ebr p\u00ebrfshirjen e tij n\u00eb korrupsion dhe ndaj atij i \u00ebsht\u00eb ndaluar hyrja n\u00eb SHBA.<\/span><\/span><\/p>\n<p><span style=\"color: #000000; font-family: Calibri;\">\u00a0<\/span><\/p>\n<p>&nbsp;<\/p>\n","protected":false,"gt_translate_keys":[{"key":"rendered","format":"html"}]},"excerpt":{"rendered":"<p>Vangjush Dako ka marr\u00eb p\u00ebr her\u00eb t\u00eb dyt\u00eb nj\u00eb flet\u00ebthirrje nga Gjykata e Krimeve t\u00eb R\u00ebnda, p\u00ebr t\u00eb d\u00ebshmuar lidhur me dosjen &#8220;339&#8221;. Kjo vjen pak dit\u00eb pasi SHBA-ja i refuzoi viz\u00ebn Dakos dhe familjes s\u00eb tij. Z\u00ebvend\u00ebs Ndihm\u00ebs-Sekretar i Shtetit, Matthe\u00eb Palmer\u00a0tha se SHBA-ja ka d\u00ebshmi t\u00eb forta p\u00ebr p\u00ebrfshirjen e tij n\u00eb korrupsion [&hellip;]<\/p>\n","protected":false,"gt_translate_keys":[{"key":"rendered","format":"html"}]},"author":30,"featured_media":312639,"comment_status":"open","ping_status":"open","sticky":false,"template":"","format":"standard","meta":{"footnotes":""},"categories":[65,13],"tags":[],"class_list":["post-313160","post","type-post","status-publish","format-standard","has-post-thumbnail","hentry","category-lajme","category-te-fundit"],"gt_translate_keys":[{"key":"link","format":"url"}],"_links":{"self":[{"href":"https:\/\/www.hashtag.al\/index.php\/wp-json\/wp\/v2\/posts\/313160","targetHints":{"allow":["GET"]}}],"collection":[{"href":"https:\/\/www.hashtag.al\/index.php\/wp-json\/wp\/v2\/posts"}],"about":[{"href":"https:\/\/www.hashtag.al\/index.php\/wp-json\/wp\/v2\/types\/post"}],"author":[{"embeddable":true,"href":"https:\/\/www.hashtag.al\/index.php\/wp-json\/wp\/v2\/users\/30"}],"replies":[{"embeddable":true,"href":"https:\/\/www.hashtag.al\/index.php\/wp-json\/wp\/v2\/comments?post=313160"}],"version-history":[{"count":0,"href":"https:\/\/www.hashtag.al\/index.php\/wp-json\/wp\/v2\/posts\/313160\/revisions"}],"wp:featuredmedia":[{"embeddable":true,"href":"https:\/\/www.hashtag.al\/index.php\/wp-json\/wp\/v2\/media\/312639"}],"wp:attachment":[{"href":"https:\/\/www.hashtag.al\/index.php\/wp-json\/wp\/v2\/media?parent=313160"}],"wp:term":[{"taxonomy":"category","embeddable":true,"href":"https:\/\/www.hashtag.al\/index.php\/wp-json\/wp\/v2\/categories?post=313160"},{"taxonomy":"post_tag","embeddable":true,"href":"https:\/\/www.hashtag.al\/index.php\/wp-json\/wp\/v2\/tags?post=313160"}],"curies":[{"name":"wp","href":"https:\/\/api.w.org\/{rel}","templated":true}]}}