{"id":313154,"date":"2019-08-02T11:31:12","date_gmt":"2019-08-02T09:31:12","guid":{"rendered":"https:\/\/hashtag.al\/?p=313154"},"modified":"2019-08-02T11:31:12","modified_gmt":"2019-08-02T09:31:12","slug":"eliza-dushku-behet-nene-per-here-te-pare-emri-i-vecante-qe-ka-zgjedhur-per-djalin-foto","status":"publish","type":"post","link":"https:\/\/www.hashtag.al\/index.php\/2019\/08\/02\/eliza-dushku-behet-nene-per-here-te-pare-emri-i-vecante-qe-ka-zgjedhur-per-djalin-foto\/","title":{"rendered":"Eliza Dushku b\u00ebhet n\u00ebn\u00eb p\u00ebr her\u00eb t\u00eb par\u00eb, emri i ve\u00e7ant\u00eb q\u00eb ka zgjedhur p\u00ebr djalin (FOTO)","gt_translate_keys":[{"key":"rendered","format":"text"}]},"content":{"rendered":"<p><span style=\"color: #000000;\"><img loading=\"lazy\" decoding=\"async\" class=\"aligncenter size-full wp-image-274742\" src=\"https:\/\/hashtag.al\/wp-content\/uploads\/2019\/02\/eliza-dy.jpg\" alt=\"\" width=\"817\" height=\"1222\" srcset=\"https:\/\/www.hashtag.al\/wp-content\/uploads\/2019\/02\/eliza-dy.jpg 817w, https:\/\/www.hashtag.al\/wp-content\/uploads\/2019\/02\/eliza-dy-201x300.jpg 201w, https:\/\/www.hashtag.al\/wp-content\/uploads\/2019\/02\/eliza-dy-768x1149.jpg 768w, https:\/\/www.hashtag.al\/wp-content\/uploads\/2019\/02\/eliza-dy-685x1024.jpg 685w\" sizes=\"auto, (max-width: 817px) 100vw, 817px\" \/>\u00a0\u00a0\u00a0\u00a0\u00a0<\/span><\/p>\n<p><span style=\"color: #000000;\">Aktorja me origjin\u00eb shqiptare Eliza Dushku \u00ebsht\u00eb b\u00ebr\u00eb n\u00ebn\u00eb p\u00ebr her\u00eb t\u00eb par\u00eb. Dit\u00ebn e sotme aktorja ka zbuluar p\u00ebr fansat n\u00eb rrjetet sociale se ka ardhur n\u00eb jet\u00eb djali i saj, duke publikuar foton e par\u00eb t\u00eb vog\u00eblushit.<\/span><\/p>\n<p><span style=\"color: #000000;\">N\u00eb fotografi shihet bashk\u00ebshorti i saj Peter Palandijan, duke mbajtur n\u00eb krah\u00ebe t\u00eb porsalindurin. Dushku ka zbuluar dhe emrin q\u00eb ka zgjedhur p\u00ebr vog\u00eblushin.<\/span><\/p>\n<p><span style=\"color: #000000;\"><em>\u00a0\u201cA mund ta ndjesh dashurin\u00eb Philip \u2018Bourne\u2019. Faleminderit p\u00ebr gjith\u00eb dashurin\u00eb\u201d,<\/em> shkruan aktorja krahas fotos.<\/span><\/p>\n<p><img loading=\"lazy\" decoding=\"async\" class=\"aligncenter size-full wp-image-313155\" src=\"https:\/\/hashtag.al\/wp-content\/uploads\/2019\/08\/ELIZA.png\" alt=\"\" width=\"1048\" height=\"668\" srcset=\"https:\/\/www.hashtag.al\/wp-content\/uploads\/2019\/08\/ELIZA.png 1048w, https:\/\/www.hashtag.al\/wp-content\/uploads\/2019\/08\/ELIZA-300x191.png 300w, https:\/\/www.hashtag.al\/wp-content\/uploads\/2019\/08\/ELIZA-768x490.png 768w, https:\/\/www.hashtag.al\/wp-content\/uploads\/2019\/08\/ELIZA-1024x653.png 1024w\" sizes=\"auto, (max-width: 1048px) 100vw, 1048px\" \/><\/p>\n<p><span style=\"color: #000000;\">Eliza Dushkun m\u00eb pas fansat dhe miqt\u00eb e kan\u00eb mbushur me urime n\u00ebp\u00ebr komente, por mes tyre dallon komenti i bashk\u00ebshortit.<\/span><\/p>\n<p><span style=\"color: #000000;\"><em>\u00a0\u201cN\u00ebn\u00eb dhe grua per\u00ebndesh\u00eb dhe gjithmon\u00eb shoqja ime e ngusht\u00eb, faleminderit dashuria ime p\u00ebr djalin ton\u00eb t\u00eb bukur\u201d,<\/em> shkruan Palandijan.<\/span><\/p>\n<p><span style=\"color: #000000;\"><img loading=\"lazy\" decoding=\"async\" class=\"aligncenter size-full wp-image-274741\" src=\"https:\/\/hashtag.al\/wp-content\/uploads\/2019\/02\/eliza-3.jpg\" alt=\"\" width=\"817\" height=\"1222\" srcset=\"https:\/\/www.hashtag.al\/wp-content\/uploads\/2019\/02\/eliza-3.jpg 817w, https:\/\/www.hashtag.al\/wp-content\/uploads\/2019\/02\/eliza-3-201x300.jpg 201w, https:\/\/www.hashtag.al\/wp-content\/uploads\/2019\/02\/eliza-3-768x1149.jpg 768w, https:\/\/www.hashtag.al\/wp-content\/uploads\/2019\/02\/eliza-3-685x1024.jpg 685w\" sizes=\"auto, (max-width: 817px) 100vw, 817px\" \/><img loading=\"lazy\" decoding=\"async\" class=\"aligncenter size-full wp-image-274743\" src=\"https:\/\/hashtag.al\/wp-content\/uploads\/2019\/02\/eliza.jpg\" alt=\"\" width=\"817\" height=\"1222\" srcset=\"https:\/\/www.hashtag.al\/wp-content\/uploads\/2019\/02\/eliza.jpg 817w, https:\/\/www.hashtag.al\/wp-content\/uploads\/2019\/02\/eliza-201x300.jpg 201w, https:\/\/www.hashtag.al\/wp-content\/uploads\/2019\/02\/eliza-768x1149.jpg 768w, https:\/\/www.hashtag.al\/wp-content\/uploads\/2019\/02\/eliza-685x1024.jpg 685w\" sizes=\"auto, (max-width: 817px) 100vw, 817px\" \/><img loading=\"lazy\" decoding=\"async\" class=\"aligncenter size-full wp-image-233051\" src=\"https:\/\/hashtag.al\/wp-content\/uploads\/2018\/09\/eliza-1.png\" alt=\"\" width=\"515\" height=\"517\" \/><\/span><\/p>\n","protected":false,"gt_translate_keys":[{"key":"rendered","format":"html"}]},"excerpt":{"rendered":"<p>\u00a0\u00a0\u00a0\u00a0\u00a0 Aktorja me origjin\u00eb shqiptare Eliza Dushku \u00ebsht\u00eb b\u00ebr\u00eb n\u00ebn\u00eb p\u00ebr her\u00eb t\u00eb par\u00eb. Dit\u00ebn e sotme aktorja ka zbuluar p\u00ebr fansat n\u00eb rrjetet sociale se ka ardhur n\u00eb jet\u00eb djali i saj, duke publikuar foton e par\u00eb t\u00eb vog\u00eblushit. N\u00eb fotografi shihet bashk\u00ebshorti i saj Peter Palandijan, duke mbajtur n\u00eb krah\u00ebe t\u00eb porsalindurin. Dushku [&hellip;]<\/p>\n","protected":false,"gt_translate_keys":[{"key":"rendered","format":"html"}]},"author":30,"featured_media":274746,"comment_status":"open","ping_status":"open","sticky":false,"template":"","format":"standard","meta":{"footnotes":""},"categories":[53],"tags":[],"class_list":["post-313154","post","type-post","status-publish","format-standard","has-post-thumbnail","hentry","category-fast-foodi"],"gt_translate_keys":[{"key":"link","format":"url"}],"_links":{"self":[{"href":"https:\/\/www.hashtag.al\/index.php\/wp-json\/wp\/v2\/posts\/313154","targetHints":{"allow":["GET"]}}],"collection":[{"href":"https:\/\/www.hashtag.al\/index.php\/wp-json\/wp\/v2\/posts"}],"about":[{"href":"https:\/\/www.hashtag.al\/index.php\/wp-json\/wp\/v2\/types\/post"}],"author":[{"embeddable":true,"href":"https:\/\/www.hashtag.al\/index.php\/wp-json\/wp\/v2\/users\/30"}],"replies":[{"embeddable":true,"href":"https:\/\/www.hashtag.al\/index.php\/wp-json\/wp\/v2\/comments?post=313154"}],"version-history":[{"count":0,"href":"https:\/\/www.hashtag.al\/index.php\/wp-json\/wp\/v2\/posts\/313154\/revisions"}],"wp:featuredmedia":[{"embeddable":true,"href":"https:\/\/www.hashtag.al\/index.php\/wp-json\/wp\/v2\/media\/274746"}],"wp:attachment":[{"href":"https:\/\/www.hashtag.al\/index.php\/wp-json\/wp\/v2\/media?parent=313154"}],"wp:term":[{"taxonomy":"category","embeddable":true,"href":"https:\/\/www.hashtag.al\/index.php\/wp-json\/wp\/v2\/categories?post=313154"},{"taxonomy":"post_tag","embeddable":true,"href":"https:\/\/www.hashtag.al\/index.php\/wp-json\/wp\/v2\/tags?post=313154"}],"curies":[{"name":"wp","href":"https:\/\/api.w.org\/{rel}","templated":true}]}}