{"id":313069,"date":"2019-08-01T20:15:16","date_gmt":"2019-08-01T18:15:16","guid":{"rendered":"https:\/\/hashtag.al\/?p=313069"},"modified":"2019-08-01T20:15:16","modified_gmt":"2019-08-01T18:15:16","slug":"be-nuk-do-hapet-me-marreveshja-per-brexit","status":"publish","type":"post","link":"https:\/\/www.hashtag.al\/index.php\/2019\/08\/01\/be-nuk-do-hapet-me-marreveshja-per-brexit\/","title":{"rendered":"BE: Nuk do hapet m\u00eb marr\u00ebveshja p\u00ebr Brexit","gt_translate_keys":[{"key":"rendered","format":"text"}]},"content":{"rendered":"<p><img loading=\"lazy\" decoding=\"async\" class=\"aligncenter size-full wp-image-265784\" src=\"https:\/\/hashtag.al\/wp-content\/uploads\/2019\/01\/brexit2.jpg\" alt=\"\" width=\"1280\" height=\"853\" srcset=\"https:\/\/www.hashtag.al\/wp-content\/uploads\/2019\/01\/brexit2.jpg 1280w, https:\/\/www.hashtag.al\/wp-content\/uploads\/2019\/01\/brexit2-300x200.jpg 300w, https:\/\/www.hashtag.al\/wp-content\/uploads\/2019\/01\/brexit2-768x512.jpg 768w, https:\/\/www.hashtag.al\/wp-content\/uploads\/2019\/01\/brexit2-1024x682.jpg 1024w\" sizes=\"auto, (max-width: 1280px) 100vw, 1280px\" \/><\/p>\n<p><span style=\"color: #000000;\">Z\u00ebdh\u00ebn\u00ebsja e Komisionit Evropian, Mina Andreeva, tha se k\u00ebshilltari David Frost zhvilloi t\u00eb m\u00ebrkur\u00ebn dhe t\u00eb enjten takime me zyrtar\u00eb t\u00eb lart\u00eb t\u00eb Komisionit Evropian, i cili administron negociatat p\u00ebr Brexit-in n\u00eb em\u00ebr t\u00eb vendeve an\u00ebtare t\u00eb BE-s\u00eb.<\/span><\/p>\n<p><span style=\"color: #000000;\">Andreeva tha se \u201ct\u00eb dyja pal\u00ebt i p\u00ebrs\u00ebrit\u00ebn q\u00ebndrimet e tyre\u201d.<\/span><\/p>\n<p><span style=\"color: #000000;\">Ajo tha se \u201cmarr\u00ebveshja p\u00ebr Brexit nuk \u00ebsht\u00eb p\u00ebr rihapje\u201d.<\/span><\/p>\n<p><span style=\"color: #000000;\">Andreeva po ashtu tha se kryeministri britanik, Boris Johnson, dhe presidenti i Komisionit Evropian, Jean-Claude Juncker, \u201cdo t\u00eb ken\u00eb rastin\u201d t\u00eb flasin p\u00ebr Brexit-in n\u00eb Franc\u00eb, m\u00eb 24-26 gusht, n\u00eb margjina t\u00eb nj\u00eb samiti t\u00eb G7-\u00ebs, apo grupit t\u00eb vendeve m\u00eb t\u00eb industrializuara.<\/span><\/p>\n<p><span style=\"color: #000000;\">K\u00ebt\u00eb jav\u00eb, Johnson tha se do t\u00eb bisedoj\u00eb me udh\u00ebheq\u00ebsit e BE-s\u00eb p\u00ebr Brexit-in kur ata t\u2019i ndryshojn\u00eb q\u00ebndrimet p\u00ebr marr\u00ebveshjen e divorcit.<\/span><\/p>\n<p><span style=\"color: #000000;\">N\u00eb t\u00eb kund\u00ebrt\u00ebn, Britania do t\u00eb p\u00ebrgatitet t\u00eb dal\u00eb nga blloku pa marr\u00ebveshje, tha z\u00ebdh\u00ebn\u00ebsja e Johnsonit.<\/span><\/p>\n<p><span style=\"color: #000000;\">Britania ka arritur marr\u00ebveshje me BE-n\u00eb mbi kushtet e divorcit n\u00ebntorin e kaluar, pas dy vjet\u00ebsh negociata.<\/span><\/p>\n<p><span style=\"color: #000000;\">Por, ajo \u00ebsht\u00eb refuzuar tri her\u00eb nga Parlamenti britanik, kryesisht p\u00ebr shkak t\u00eb politikave n\u00eb kufirin me Irland\u00ebn Veriore, \u00e7far\u00eb ka \u00e7uar edhe n\u00eb dor\u00ebheqjen e kryeministres s\u00eb deritashme britanike, Theresa May.<\/span><\/p>\n","protected":false,"gt_translate_keys":[{"key":"rendered","format":"html"}]},"excerpt":{"rendered":"<p>Z\u00ebdh\u00ebn\u00ebsja e Komisionit Evropian, Mina Andreeva, tha se k\u00ebshilltari David Frost zhvilloi t\u00eb m\u00ebrkur\u00ebn dhe t\u00eb enjten takime me zyrtar\u00eb t\u00eb lart\u00eb t\u00eb Komisionit Evropian, i cili administron negociatat p\u00ebr Brexit-in n\u00eb em\u00ebr t\u00eb vendeve an\u00ebtare t\u00eb BE-s\u00eb. Andreeva tha se \u201ct\u00eb dyja pal\u00ebt i p\u00ebrs\u00ebrit\u00ebn q\u00ebndrimet e tyre\u201d. Ajo tha se \u201cmarr\u00ebveshja p\u00ebr Brexit [&hellip;]<\/p>\n","protected":false,"gt_translate_keys":[{"key":"rendered","format":"html"}]},"author":32,"featured_media":256946,"comment_status":"open","ping_status":"open","sticky":false,"template":"","format":"standard","meta":{"footnotes":""},"categories":[6,13],"tags":[],"class_list":["post-313069","post","type-post","status-publish","format-standard","has-post-thumbnail","hentry","category-nderkombetare","category-te-fundit"],"gt_translate_keys":[{"key":"link","format":"url"}],"_links":{"self":[{"href":"https:\/\/www.hashtag.al\/index.php\/wp-json\/wp\/v2\/posts\/313069","targetHints":{"allow":["GET"]}}],"collection":[{"href":"https:\/\/www.hashtag.al\/index.php\/wp-json\/wp\/v2\/posts"}],"about":[{"href":"https:\/\/www.hashtag.al\/index.php\/wp-json\/wp\/v2\/types\/post"}],"author":[{"embeddable":true,"href":"https:\/\/www.hashtag.al\/index.php\/wp-json\/wp\/v2\/users\/32"}],"replies":[{"embeddable":true,"href":"https:\/\/www.hashtag.al\/index.php\/wp-json\/wp\/v2\/comments?post=313069"}],"version-history":[{"count":0,"href":"https:\/\/www.hashtag.al\/index.php\/wp-json\/wp\/v2\/posts\/313069\/revisions"}],"wp:featuredmedia":[{"embeddable":true,"href":"https:\/\/www.hashtag.al\/index.php\/wp-json\/wp\/v2\/media\/256946"}],"wp:attachment":[{"href":"https:\/\/www.hashtag.al\/index.php\/wp-json\/wp\/v2\/media?parent=313069"}],"wp:term":[{"taxonomy":"category","embeddable":true,"href":"https:\/\/www.hashtag.al\/index.php\/wp-json\/wp\/v2\/categories?post=313069"},{"taxonomy":"post_tag","embeddable":true,"href":"https:\/\/www.hashtag.al\/index.php\/wp-json\/wp\/v2\/tags?post=313069"}],"curies":[{"name":"wp","href":"https:\/\/api.w.org\/{rel}","templated":true}]}}