{"id":313066,"date":"2019-08-01T19:51:21","date_gmt":"2019-08-01T17:51:21","guid":{"rendered":"https:\/\/hashtag.al\/?p=313066"},"modified":"2019-08-01T19:51:21","modified_gmt":"2019-08-01T17:51:21","slug":"sulm-me-bombe-gjate-parades-ne-jemen-nderrojne-jeten-51-persona","status":"publish","type":"post","link":"https:\/\/www.hashtag.al\/index.php\/2019\/08\/01\/sulm-me-bombe-gjate-parades-ne-jemen-nderrojne-jeten-51-persona\/","title":{"rendered":"Sulm me bomb\u00eb gjat\u00eb parad\u00ebs n\u00eb Jemen, nd\u00ebrrojn\u00eb jet\u00ebn 51 persona","gt_translate_keys":[{"key":"rendered","format":"text"}]},"content":{"rendered":"<div class=\"article-introtext\">\n<p><img loading=\"lazy\" decoding=\"async\" class=\"aligncenter size-full wp-image-313067\" src=\"https:\/\/hashtag.al\/wp-content\/uploads\/2019\/08\/13c603686314efffcebce93cb2154995_L.jpg\" alt=\"\" width=\"700\" height=\"434\" srcset=\"https:\/\/www.hashtag.al\/wp-content\/uploads\/2019\/08\/13c603686314efffcebce93cb2154995_L.jpg 700w, https:\/\/www.hashtag.al\/wp-content\/uploads\/2019\/08\/13c603686314efffcebce93cb2154995_L-300x186.jpg 300w\" sizes=\"auto, (max-width: 700px) 100vw, 700px\" \/><\/p>\n<p><span style=\"color: #000000;\">Nj\u00eb sulm i koordinuar terrorist nga rebel\u00ebt Huthi n\u00eb Aden t\u00eb Jemenit u mori jet\u00ebn 51 personave.<\/span><\/p>\n<\/div>\n<div class=\"article-fulltext\">\n<p><span style=\"color: #000000;\">Forcat antiqeveritare godit\u00ebn me raket\u00eb t\u00eb mesme balistike dhe bomba kamikaze gjat\u00eb koh\u00ebs kur n\u00eb qytetin portual po organizohej nj\u00eb parad\u00eb ushtarake nga forcat qeveritare.<\/span><\/p>\n<p><span style=\"color: #000000;\">Shteti arab \u00ebsht\u00eb ndar\u00eb n\u00eb dy pjes\u00eb, ku kryeqyteti i San\u00ebs kontrollohet nga rebel\u00ebt Huthi, nd\u00ebrsa pjes\u00eb jugore e vendit nga ushtria e Jemenit.<\/span><\/p>\n<p><span style=\"color: #000000;\">Q\u00eb prej vitit 2015, vendi \u00ebsht\u00eb zhytur n\u00eb luft\u00eb civile, ku kan\u00eb humbur jet\u00ebn mbi 90 mij\u00eb veta dhe mbi 80 mij\u00eb f\u00ebmij\u00eb kan\u00eb vdekur nga uria e kolera.<\/span><\/p>\n<\/div>\n","protected":false,"gt_translate_keys":[{"key":"rendered","format":"html"}]},"excerpt":{"rendered":"<p>Nj\u00eb sulm i koordinuar terrorist nga rebel\u00ebt Huthi n\u00eb Aden t\u00eb Jemenit u mori jet\u00ebn 51 personave. Forcat antiqeveritare godit\u00ebn me raket\u00eb t\u00eb mesme balistike dhe bomba kamikaze gjat\u00eb koh\u00ebs kur n\u00eb qytetin portual po organizohej nj\u00eb parad\u00eb ushtarake nga forcat qeveritare. Shteti arab \u00ebsht\u00eb ndar\u00eb n\u00eb dy pjes\u00eb, ku kryeqyteti i San\u00ebs kontrollohet nga [&hellip;]<\/p>\n","protected":false,"gt_translate_keys":[{"key":"rendered","format":"html"}]},"author":32,"featured_media":313067,"comment_status":"open","ping_status":"open","sticky":false,"template":"","format":"standard","meta":{"footnotes":""},"categories":[6,13],"tags":[],"class_list":["post-313066","post","type-post","status-publish","format-standard","has-post-thumbnail","hentry","category-nderkombetare","category-te-fundit"],"gt_translate_keys":[{"key":"link","format":"url"}],"_links":{"self":[{"href":"https:\/\/www.hashtag.al\/index.php\/wp-json\/wp\/v2\/posts\/313066","targetHints":{"allow":["GET"]}}],"collection":[{"href":"https:\/\/www.hashtag.al\/index.php\/wp-json\/wp\/v2\/posts"}],"about":[{"href":"https:\/\/www.hashtag.al\/index.php\/wp-json\/wp\/v2\/types\/post"}],"author":[{"embeddable":true,"href":"https:\/\/www.hashtag.al\/index.php\/wp-json\/wp\/v2\/users\/32"}],"replies":[{"embeddable":true,"href":"https:\/\/www.hashtag.al\/index.php\/wp-json\/wp\/v2\/comments?post=313066"}],"version-history":[{"count":0,"href":"https:\/\/www.hashtag.al\/index.php\/wp-json\/wp\/v2\/posts\/313066\/revisions"}],"wp:featuredmedia":[{"embeddable":true,"href":"https:\/\/www.hashtag.al\/index.php\/wp-json\/wp\/v2\/media\/313067"}],"wp:attachment":[{"href":"https:\/\/www.hashtag.al\/index.php\/wp-json\/wp\/v2\/media?parent=313066"}],"wp:term":[{"taxonomy":"category","embeddable":true,"href":"https:\/\/www.hashtag.al\/index.php\/wp-json\/wp\/v2\/categories?post=313066"},{"taxonomy":"post_tag","embeddable":true,"href":"https:\/\/www.hashtag.al\/index.php\/wp-json\/wp\/v2\/tags?post=313066"}],"curies":[{"name":"wp","href":"https:\/\/api.w.org\/{rel}","templated":true}]}}