{"id":313036,"date":"2019-08-01T17:19:21","date_gmt":"2019-08-01T15:19:21","guid":{"rendered":"https:\/\/hashtag.al\/?p=313036"},"modified":"2019-08-01T17:20:28","modified_gmt":"2019-08-01T15:20:28","slug":"gjermania-i-kerkon-falje-polonise-per-krimet-e-nazizmit-perjashton-mundesine-e-demshperblimit","status":"publish","type":"post","link":"https:\/\/www.hashtag.al\/index.php\/2019\/08\/01\/gjermania-i-kerkon-falje-polonise-per-krimet-e-nazizmit-perjashton-mundesine-e-demshperblimit\/","title":{"rendered":"Gjermania i k\u00ebrkon falje Polonis\u00eb p\u00ebr krimet e nazizmit, p\u00ebrjashton mund\u00ebsin\u00eb e d\u00ebmshp\u00ebrblimit","gt_translate_keys":[{"key":"rendered","format":"text"}]},"content":{"rendered":"<p><img loading=\"lazy\" decoding=\"async\" class=\"aligncenter size-full wp-image-313037\" src=\"https:\/\/hashtag.al\/wp-content\/uploads\/2019\/08\/Gjermani1gusht.jpg\" alt=\"\" width=\"863\" height=\"486\" srcset=\"https:\/\/www.hashtag.al\/wp-content\/uploads\/2019\/08\/Gjermani1gusht.jpg 863w, https:\/\/www.hashtag.al\/wp-content\/uploads\/2019\/08\/Gjermani1gusht-300x169.jpg 300w, https:\/\/www.hashtag.al\/wp-content\/uploads\/2019\/08\/Gjermani1gusht-768x433.jpg 768w\" sizes=\"auto, (max-width: 863px) 100vw, 863px\" \/><\/p>\n<p><span style=\"color: #000000;\">Gjermania i ka k\u00ebrkuar Polonis\u00eb falje p\u00ebr krimet naziste t\u00eb kryera gjat\u00eb Luft\u00ebs s\u00eb Dyt\u00eb Bot\u00ebrore.<\/span><\/p>\n<p><span style=\"color: #000000;\">Teksa merrte pjes\u00eb n\u00eb nj\u00eb ngjarje p\u00ebr t\u00eb sh\u00ebnuar 75 vjetorin e Kryengritjes s\u00eb Varshav\u00ebs, ministri i Jasht\u00ebm gjerman, Heiko Maas, njohu p\u00ebrgjegj\u00ebsin\u00eb morale t\u00eb vendit t\u00eb tij, p\u00ebr mizorit\u00eb e koh\u00ebs s\u00eb luft\u00ebs naziste, por p\u00ebrjashtoi \u00e7do d\u00ebmshp\u00ebrblim.<\/span><\/p>\n<p><span style=\"color: #000000;\"><em>\u2018Kam turp p\u00ebr at\u00eb q\u00eb iu b\u00eb vendit tuaj nga gjerman\u00ebt dhe n\u00eb em\u00ebr t\u00eb Gjermanis\u00eb gjerman. Dhe m\u00eb vjen turp q\u00eb ky borxh u mbajt i fsheht\u00eb p\u00ebr shum\u00eb koh\u00eb pas luft\u00ebs,\u2019<\/em> tha ai.<\/span><\/p>\n<p><span style=\"color: #000000;\">N\u00eb konferenc\u00ebn e p\u00ebrbashk\u00ebt p\u00ebr shtyp me homologun e tij polak, Jacek Czaputo\u00ebicz, n\u00eb Muzeun e Kryengritjes s\u00eb Varshav\u00ebs n\u00eb kryeqytetin polak, Maas gjithashtu shprehu mb\u00ebshtetjen p\u00ebr nd\u00ebrtimin e nj\u00eb memoriali n\u00eb Berlin p\u00ebr t\u00eb p\u00ebrkujtuar viktimat polake.<\/span><\/p>\n<p><span style=\"color: #000000;\">Maas e p\u00ebrjashtoi kompensimin financiar, nd\u00ebrsa ministri i Jasht\u00ebm polak tha se nj\u00eb ekip parlamentar po vler\u00ebson koston e d\u00ebmeve p\u00ebr qytetar\u00ebt polak\u00eb gjat\u00eb luft\u00ebs.<\/span><\/p>\n<p><span style=\"color: #000000;\"><em>\u2018Vler\u00ebsimi parlamentar do t\u00eb jet\u00eb pjes\u00eb e diskutimeve t\u00eb ardhshme,\u2019<\/em> tha ai.<\/span><\/p>\n<p><span style=\"color: #000000;\">N\u00eb p\u00ebrpjekje p\u00ebr t\u00eb \u00e7liruar qytetin, polak\u00ebt u ngrit\u00ebn kund\u00ebr okupimit nazist n\u00eb 1 gusht 1944.<\/span><\/p>\n<p><span style=\"color: #000000;\">Rreth 18,000 luft\u00ebtar\u00eb dhe 200,000 civil\u00eb u vran\u00eb nga forcat naziste gjat\u00eb nj\u00eb beteje 63-ditore n\u00eb Varshav\u00eb. Qindra mij\u00ebra u internuan n\u00eb kampe p\u00ebrqendrimi.<\/span><\/p>\n<p><span style=\"color: #000000;\">Sipas nj\u00eb vler\u00ebsimi, 6 milion qytetar\u00eb polak\u00eb u zhduk\u00ebn gjat\u00eb Luft\u00ebs.<\/span><\/p>\n","protected":false,"gt_translate_keys":[{"key":"rendered","format":"html"}]},"excerpt":{"rendered":"<p>Gjermania i ka k\u00ebrkuar Polonis\u00eb falje p\u00ebr krimet naziste t\u00eb kryera gjat\u00eb Luft\u00ebs s\u00eb Dyt\u00eb Bot\u00ebrore. Teksa merrte pjes\u00eb n\u00eb nj\u00eb ngjarje p\u00ebr t\u00eb sh\u00ebnuar 75 vjetorin e Kryengritjes s\u00eb Varshav\u00ebs, ministri i Jasht\u00ebm gjerman, Heiko Maas, njohu p\u00ebrgjegj\u00ebsin\u00eb morale t\u00eb vendit t\u00eb tij, p\u00ebr mizorit\u00eb e koh\u00ebs s\u00eb luft\u00ebs naziste, por p\u00ebrjashtoi \u00e7do d\u00ebmshp\u00ebrblim. [&hellip;]<\/p>\n","protected":false,"gt_translate_keys":[{"key":"rendered","format":"html"}]},"author":51,"featured_media":313037,"comment_status":"open","ping_status":"open","sticky":false,"template":"","format":"standard","meta":{"footnotes":""},"categories":[6],"tags":[],"class_list":["post-313036","post","type-post","status-publish","format-standard","has-post-thumbnail","hentry","category-nderkombetare"],"gt_translate_keys":[{"key":"link","format":"url"}],"_links":{"self":[{"href":"https:\/\/www.hashtag.al\/index.php\/wp-json\/wp\/v2\/posts\/313036","targetHints":{"allow":["GET"]}}],"collection":[{"href":"https:\/\/www.hashtag.al\/index.php\/wp-json\/wp\/v2\/posts"}],"about":[{"href":"https:\/\/www.hashtag.al\/index.php\/wp-json\/wp\/v2\/types\/post"}],"author":[{"embeddable":true,"href":"https:\/\/www.hashtag.al\/index.php\/wp-json\/wp\/v2\/users\/51"}],"replies":[{"embeddable":true,"href":"https:\/\/www.hashtag.al\/index.php\/wp-json\/wp\/v2\/comments?post=313036"}],"version-history":[{"count":0,"href":"https:\/\/www.hashtag.al\/index.php\/wp-json\/wp\/v2\/posts\/313036\/revisions"}],"wp:featuredmedia":[{"embeddable":true,"href":"https:\/\/www.hashtag.al\/index.php\/wp-json\/wp\/v2\/media\/313037"}],"wp:attachment":[{"href":"https:\/\/www.hashtag.al\/index.php\/wp-json\/wp\/v2\/media?parent=313036"}],"wp:term":[{"taxonomy":"category","embeddable":true,"href":"https:\/\/www.hashtag.al\/index.php\/wp-json\/wp\/v2\/categories?post=313036"},{"taxonomy":"post_tag","embeddable":true,"href":"https:\/\/www.hashtag.al\/index.php\/wp-json\/wp\/v2\/tags?post=313036"}],"curies":[{"name":"wp","href":"https:\/\/api.w.org\/{rel}","templated":true}]}}