{"id":312791,"date":"2019-07-31T14:36:55","date_gmt":"2019-07-31T12:36:55","guid":{"rendered":"https:\/\/hashtag.al\/?p=312791"},"modified":"2019-07-31T14:39:55","modified_gmt":"2019-07-31T12:39:55","slug":"rifillimi-i-dialogut-beograd-prishtine-varet-nga-taksa-kryeministrja-serbe","status":"publish","type":"post","link":"https:\/\/www.hashtag.al\/index.php\/2019\/07\/31\/rifillimi-i-dialogut-beograd-prishtine-varet-nga-taksa-kryeministrja-serbe\/","title":{"rendered":"&#8216;Rifillimi i dialogut Beograd-Prishtin\u00eb varet nga taksa&#8217; &#8211; Kryeministrja serbe","gt_translate_keys":[{"key":"rendered","format":"text"}]},"content":{"rendered":"<p><img loading=\"lazy\" decoding=\"async\" class=\"aligncenter size-full wp-image-312792\" src=\"https:\/\/hashtag.al\/wp-content\/uploads\/2019\/07\/Brnabic31korrik.jpg\" alt=\"\" width=\"1000\" height=\"650\" srcset=\"https:\/\/www.hashtag.al\/wp-content\/uploads\/2019\/07\/Brnabic31korrik.jpg 1000w, https:\/\/www.hashtag.al\/wp-content\/uploads\/2019\/07\/Brnabic31korrik-300x195.jpg 300w, https:\/\/www.hashtag.al\/wp-content\/uploads\/2019\/07\/Brnabic31korrik-768x499.jpg 768w\" sizes=\"auto, (max-width: 1000px) 100vw, 1000px\" \/><\/p>\n<p><span style=\"color: #000000;\">Kryeministrja e Serbis\u00eb, B\u00ebrnabi\u00e7, ka deklaruar se rifillimi i dialogut me Kosov\u00ebn varet nga heqja e taks\u00ebs s\u00eb vendosur nga qeveria Haradinaj. <\/span><\/p>\n<p><span style=\"color: #000000;\">Ajo ka th\u00ebn\u00eb gjithashtu se dialogu nuk ka lidhje me zgjedhjet e mundshme n\u00eb Kosov\u00eb. <\/span><\/p>\n<p><span style=\"color: #000000;\">B\u00ebrnabi\u00e7 e b\u00ebri deklarat\u00ebn p\u00ebr \u2018TV Prva\u2019, teksa iu p\u00ebrgjigj pyetjes n\u00ebse zgjedhjet n\u00eb Kosov\u00eb do t\u00eb reflektojn\u00eb n\u00eb dialog t\u00eb m\u00ebtejsh\u00ebm midis Beogradit dhe Prishtin\u00ebs, shkruan Koha.net.<\/span><\/p>\n","protected":false,"gt_translate_keys":[{"key":"rendered","format":"html"}]},"excerpt":{"rendered":"<p>Kryeministrja e Serbis\u00eb, B\u00ebrnabi\u00e7, ka deklaruar se rifillimi i dialogut me Kosov\u00ebn varet nga heqja e taks\u00ebs s\u00eb vendosur nga qeveria Haradinaj. Ajo ka th\u00ebn\u00eb gjithashtu se dialogu nuk ka lidhje me zgjedhjet e mundshme n\u00eb Kosov\u00eb. B\u00ebrnabi\u00e7 e b\u00ebri deklarat\u00ebn p\u00ebr \u2018TV Prva\u2019, teksa iu p\u00ebrgjigj pyetjes n\u00ebse zgjedhjet n\u00eb Kosov\u00eb do t\u00eb reflektojn\u00eb [&hellip;]<\/p>\n","protected":false,"gt_translate_keys":[{"key":"rendered","format":"html"}]},"author":51,"featured_media":312792,"comment_status":"open","ping_status":"open","sticky":false,"template":"","format":"standard","meta":{"footnotes":""},"categories":[149,6],"tags":[],"class_list":["post-312791","post","type-post","status-publish","format-standard","has-post-thumbnail","hentry","category-kosoverajon","category-nderkombetare"],"gt_translate_keys":[{"key":"link","format":"url"}],"_links":{"self":[{"href":"https:\/\/www.hashtag.al\/index.php\/wp-json\/wp\/v2\/posts\/312791","targetHints":{"allow":["GET"]}}],"collection":[{"href":"https:\/\/www.hashtag.al\/index.php\/wp-json\/wp\/v2\/posts"}],"about":[{"href":"https:\/\/www.hashtag.al\/index.php\/wp-json\/wp\/v2\/types\/post"}],"author":[{"embeddable":true,"href":"https:\/\/www.hashtag.al\/index.php\/wp-json\/wp\/v2\/users\/51"}],"replies":[{"embeddable":true,"href":"https:\/\/www.hashtag.al\/index.php\/wp-json\/wp\/v2\/comments?post=312791"}],"version-history":[{"count":0,"href":"https:\/\/www.hashtag.al\/index.php\/wp-json\/wp\/v2\/posts\/312791\/revisions"}],"wp:featuredmedia":[{"embeddable":true,"href":"https:\/\/www.hashtag.al\/index.php\/wp-json\/wp\/v2\/media\/312792"}],"wp:attachment":[{"href":"https:\/\/www.hashtag.al\/index.php\/wp-json\/wp\/v2\/media?parent=312791"}],"wp:term":[{"taxonomy":"category","embeddable":true,"href":"https:\/\/www.hashtag.al\/index.php\/wp-json\/wp\/v2\/categories?post=312791"},{"taxonomy":"post_tag","embeddable":true,"href":"https:\/\/www.hashtag.al\/index.php\/wp-json\/wp\/v2\/tags?post=312791"}],"curies":[{"name":"wp","href":"https:\/\/api.w.org\/{rel}","templated":true}]}}