{"id":312787,"date":"2019-07-31T14:17:43","date_gmt":"2019-07-31T12:17:43","guid":{"rendered":"https:\/\/hashtag.al\/?p=312787"},"modified":"2019-07-31T14:21:17","modified_gmt":"2019-07-31T12:21:17","slug":"ska-pazar-me-edi-ramen-vendi-drejt-zgjedhjeve-te-parakohshme-mesazhi-i-bashes-nga-korca","status":"publish","type":"post","link":"https:\/\/www.hashtag.al\/index.php\/2019\/07\/31\/ska-pazar-me-edi-ramen-vendi-drejt-zgjedhjeve-te-parakohshme-mesazhi-i-bashes-nga-korca\/","title":{"rendered":"&#8216;S&#8217;ka pazar me Edi Ram\u00ebn, vendi drejt zgjedhjeve t\u00eb parakohshme&#8217; &#8211; Mesazhi i Bash\u00ebs nga Kor\u00e7a","gt_translate_keys":[{"key":"rendered","format":"text"}]},"content":{"rendered":"<p><img loading=\"lazy\" decoding=\"async\" class=\"aligncenter size-full wp-image-312788\" src=\"https:\/\/hashtag.al\/wp-content\/uploads\/2019\/07\/Bashakorce31korrik.jpg2_.jpg\" alt=\"\" width=\"1000\" height=\"667\" srcset=\"https:\/\/www.hashtag.al\/wp-content\/uploads\/2019\/07\/Bashakorce31korrik.jpg2_.jpg 1000w, https:\/\/www.hashtag.al\/wp-content\/uploads\/2019\/07\/Bashakorce31korrik.jpg2_-300x200.jpg 300w, https:\/\/www.hashtag.al\/wp-content\/uploads\/2019\/07\/Bashakorce31korrik.jpg2_-768x512.jpg 768w\" sizes=\"auto, (max-width: 1000px) 100vw, 1000px\" \/><\/p>\n<p><span style=\"color: #000000;\">Kreu i PD-s\u00eb, Basha, ka zhvilluar nj\u00eb takim n\u00eb Kor\u00e7\u00eb. N\u00eb fjal\u00ebn e tij, ai theksoi se opozita e bashkuar nuk pranon asgj\u00eb tjet\u00ebr ve\u00e7 zgjedhjeve t\u00eb parakohshme, pa Ram\u00ebn kryeminist\u00ebr. <\/span><\/p>\n<p><span style=\"color: #000000;\">Ai theksoi se &#8217;30 qershori provoi se me Edi Ram\u00ebn nuk ka dhe nuk mund t\u00eb ket\u00eb nj\u00eb proces t\u00eb lir\u00eb e t\u00eb ndersh\u00ebm zgjedhor&#8217;. <\/span><\/p>\n<p><span style=\"color: #000000;\">Me k\u00ebt\u00eb qendrim t\u00eb mbajtur n\u00eb takimin me drejtuesit e strukturave t\u00eb deg\u00ebs s\u00eb PD t\u00eb Kor\u00e7\u00ebs, lideri i opozit\u00ebs Lulzim Basha, theksoi angazhimin e Partis\u00eb Demokratike p\u00ebr zgjedhje t\u00eb lira e t\u00eb ndershme parlamentare dhe lokale.<\/span><\/p>\n<p><span style=\"color: #000000;\"><em>\u2018K\u00ebrkesat tona jan\u00eb zgjedhjet e parakohshme parlamentare n\u00eb nj\u00eb dit\u00eb me zgjedhje legjitime vendore t\u00eb mbikqyrura nga nj\u00eb qeveri tranzitore dhe \u00e7uarja para drejt\u00ebsis\u00eb e gjith\u00eb atyre q\u00eb kan\u00eb vjedhur votat e shqiptar\u00ebve\u201d- tha zoti Basha, i cili theksoi edhe shkeljet kryesore t\u00eb konstatuara\u00a0 nga raporti i OSBE-ODIHR, q\u00eb e b\u00ebn\u00eb procesin t\u00eb pavlefsh\u00ebm dhe kriminal.<\/em><\/span><\/p>\n<ul>\n<li><span style=\"color: #000000;\"><em> Procesi i votimit pa dekret<\/em><\/span><\/li>\n<li><span style=\"color: #000000;\"><em> Mohimi i t\u00eb drejt\u00ebs s\u00eb opozit\u00ebs p\u00ebr t\u00eb patur p\u00ebrfaq\u00ebsuesit n\u00eb proces<\/em><\/span><\/li>\n<li><span style=\"color: #000000;\"><em> Votimi me 1 kandidat,<\/em><\/span><\/li>\n<li><span style=\"color: #000000;\"><em> Regjistrimi i patericave t\u00eb pushtetit n\u00eb m\u00ebnyr\u00eb t\u00eb paligjshme<\/em><\/span><\/li>\n<\/ul>\n<p><span style=\"color: #000000;\">Kreu i opozit\u00ebs u shpreh i sigurt e vendi do t\u00eb shkoj\u00eb drejt zgjedhjeve t\u00eb parakohshme.<\/span><\/p>\n<p><span style=\"color: #000000;\"><em>\u2018Largimi i Edi Ram\u00ebs si kryeminist\u00ebr \u00ebsht\u00eb i padiskutuesh\u00ebm. Hetimi dhe gjykimi i politikan\u00ebve t\u00eb kapur duke vjedhur votat \u00ebsht\u00eb i padiskutuesh\u00ebm. Prandaj ne i q\u00ebndrojm\u00eb deri n\u00eb fund zgjidhjes politike p\u00ebrmes parimeve dhe jo pazarit.\u2019<\/em> &#8211; u shpreh zoti Basha n\u00eb Kor\u00e7\u00eb, duke refuzuar prer\u00eb \u00e7do p\u00ebrpjekje p\u00ebr pazar.<\/span><\/p>\n<p><span style=\"color: #000000;\"><em>\u2018Edi Rama k\u00ebrkon Pazar. Gjith\u00eb jeta e tij politike \u00ebsht\u00eb Pazar. Kur nuk ka Pazar, shp\u00ebrfytyrohet, \u00e7mendet. Kur nuk ka Pazar, p\u00ebrpiqet me loj\u00ebn e vjet\u00ebr \u201cp\u00ebr\u00e7a e sundo\u201d. Nuk ka Pazar me Edi Ram\u00ebn. Mercenar\u00ebt dhe t\u00eb shiturit tek ai dhe oligark\u00ebt e tij nuk e p\u00ebr\u00e7ajn\u00eb dot as PD, as Opozit\u00ebn. Fuqia jon\u00eb \u00ebsht\u00eb bashkimi m\u00eb i madh popullor n\u00eb 3 dekada pluraliz\u00ebm, \u00ebsht\u00eb shumica 85% &#8220;Rama ik.\u2019<\/em> &#8211; shtoi ai.<\/span><\/p>\n<p><span style=\"color: #000000;\">Kreu i opozit\u00ebs theksoi se fundi i k\u00ebtij regjimi do t\u00eb vij\u00eb me zgjedhje t\u00eb lira.<\/span><\/p>\n<p><span style=\"color: #000000;\"><em>\u2018Askush q\u00eb ka grabitur miliona dhe dhunuar e vjedhur shqiptar\u00ebt e pasurit\u00eb e tyre publike, asnj\u00eb pushtetar q\u00eb bashk\u00ebpunoi me krimin p\u00ebr t\u00eb vjedhur zgjedhjet e 2017, nga Dako e Gjiknuri, tek Balla e Rama nuk do t\u00eb shp\u00ebtoj\u00eb pa dal\u00eb para drejt\u00ebsis\u00eb s\u00eb pavarur. Pushtetar\u00ebt e korruptuar n\u00eb pranga jan\u00eb fillimi i Shqip\u00ebris\u00eb si gjith\u00eb Europa.\u2019<\/em> &#8211; theksoi lideri i opozit\u00ebs.<\/span><\/p>\n<p><img loading=\"lazy\" decoding=\"async\" class=\"aligncenter size-full wp-image-312789\" src=\"https:\/\/hashtag.al\/wp-content\/uploads\/2019\/07\/Bashakorce31korrik.jpg\" alt=\"\" width=\"1000\" height=\"667\" srcset=\"https:\/\/www.hashtag.al\/wp-content\/uploads\/2019\/07\/Bashakorce31korrik.jpg 1000w, https:\/\/www.hashtag.al\/wp-content\/uploads\/2019\/07\/Bashakorce31korrik-300x200.jpg 300w, https:\/\/www.hashtag.al\/wp-content\/uploads\/2019\/07\/Bashakorce31korrik-768x512.jpg 768w\" sizes=\"auto, (max-width: 1000px) 100vw, 1000px\" \/><\/p>\n","protected":false,"gt_translate_keys":[{"key":"rendered","format":"html"}]},"excerpt":{"rendered":"<p>Kreu i PD-s\u00eb, Basha, ka zhvilluar nj\u00eb takim n\u00eb Kor\u00e7\u00eb. N\u00eb fjal\u00ebn e tij, ai theksoi se opozita e bashkuar nuk pranon asgj\u00eb tjet\u00ebr ve\u00e7 zgjedhjeve t\u00eb parakohshme, pa Ram\u00ebn kryeminist\u00ebr. Ai theksoi se &#8217;30 qershori provoi se me Edi Ram\u00ebn nuk ka dhe nuk mund t\u00eb ket\u00eb nj\u00eb proces t\u00eb lir\u00eb e t\u00eb ndersh\u00ebm [&hellip;]<\/p>\n","protected":false,"gt_translate_keys":[{"key":"rendered","format":"html"}]},"author":51,"featured_media":312788,"comment_status":"open","ping_status":"open","sticky":false,"template":"","format":"standard","meta":{"footnotes":""},"categories":[65,13],"tags":[],"class_list":["post-312787","post","type-post","status-publish","format-standard","has-post-thumbnail","hentry","category-lajme","category-te-fundit"],"gt_translate_keys":[{"key":"link","format":"url"}],"_links":{"self":[{"href":"https:\/\/www.hashtag.al\/index.php\/wp-json\/wp\/v2\/posts\/312787","targetHints":{"allow":["GET"]}}],"collection":[{"href":"https:\/\/www.hashtag.al\/index.php\/wp-json\/wp\/v2\/posts"}],"about":[{"href":"https:\/\/www.hashtag.al\/index.php\/wp-json\/wp\/v2\/types\/post"}],"author":[{"embeddable":true,"href":"https:\/\/www.hashtag.al\/index.php\/wp-json\/wp\/v2\/users\/51"}],"replies":[{"embeddable":true,"href":"https:\/\/www.hashtag.al\/index.php\/wp-json\/wp\/v2\/comments?post=312787"}],"version-history":[{"count":0,"href":"https:\/\/www.hashtag.al\/index.php\/wp-json\/wp\/v2\/posts\/312787\/revisions"}],"wp:featuredmedia":[{"embeddable":true,"href":"https:\/\/www.hashtag.al\/index.php\/wp-json\/wp\/v2\/media\/312788"}],"wp:attachment":[{"href":"https:\/\/www.hashtag.al\/index.php\/wp-json\/wp\/v2\/media?parent=312787"}],"wp:term":[{"taxonomy":"category","embeddable":true,"href":"https:\/\/www.hashtag.al\/index.php\/wp-json\/wp\/v2\/categories?post=312787"},{"taxonomy":"post_tag","embeddable":true,"href":"https:\/\/www.hashtag.al\/index.php\/wp-json\/wp\/v2\/tags?post=312787"}],"curies":[{"name":"wp","href":"https:\/\/api.w.org\/{rel}","templated":true}]}}