{"id":312551,"date":"2019-07-29T22:27:56","date_gmt":"2019-07-29T20:27:56","guid":{"rendered":"https:\/\/hashtag.al\/?p=312551"},"modified":"2019-07-29T22:27:56","modified_gmt":"2019-07-29T20:27:56","slug":"haradinaj-pas-hages-nis-menjehere-fushaten-per-zgjedhjet-e-parakohshme","status":"publish","type":"post","link":"https:\/\/www.hashtag.al\/index.php\/2019\/07\/29\/haradinaj-pas-hages-nis-menjehere-fushaten-per-zgjedhjet-e-parakohshme\/","title":{"rendered":"Haradinaj pas Hag\u00ebs nis menj\u00ebher\u00eb fushat\u00ebn p\u00ebr zgjedhjet e parakohshme","gt_translate_keys":[{"key":"rendered","format":"text"}]},"content":{"rendered":"<div class=\"article-introtext\">\n<p><img loading=\"lazy\" decoding=\"async\" class=\"aligncenter size-full wp-image-312552\" src=\"https:\/\/hashtag.al\/wp-content\/uploads\/2019\/07\/80551bd8e025bb77470d6f36d85c5fc1_L.jpg\" alt=\"\" width=\"700\" height=\"373\" srcset=\"https:\/\/www.hashtag.al\/wp-content\/uploads\/2019\/07\/80551bd8e025bb77470d6f36d85c5fc1_L.jpg 700w, https:\/\/www.hashtag.al\/wp-content\/uploads\/2019\/07\/80551bd8e025bb77470d6f36d85c5fc1_L-300x160.jpg 300w, https:\/\/www.hashtag.al\/wp-content\/uploads\/2019\/07\/80551bd8e025bb77470d6f36d85c5fc1_L-620x330.jpg 620w\" sizes=\"auto, (max-width: 700px) 100vw, 700px\" \/><\/p>\n<p>Kryeministri n\u00eb ikje Kosov\u00ebs Ramush Haradinaj u takua me strukturat e forc\u00ebs politike q\u00eb kryeson AAK n\u00eb Pej\u00eb n\u00eb kuad\u00ebr t\u00eb zgjedhjeve t\u00eb parakohshme parlamentare.<\/p>\n<\/div>\n<div class=\"article-fulltext\">\n<p>N\u00eb nj\u00eb postim n\u00eb profilin e tij n\u00eb Facebook, Haradinaj u shfaq i entuziazmuar p\u00ebr takimin n\u00eb zon\u00ebn ku u krijuar Aleanca p\u00ebr Ardhm\u00ebrin\u00eb e Kosov\u00ebs.<\/p>\n<p>&#8220;<em>N\u00eb nj\u00eb atmosfer\u00eb mobilizuese, takim me strukturat e AAK-s\u00eb n\u00eb Pej\u00eb, aty ku u lind Aleanca. Tani m\u00eb e fuqishme se kurr\u00eb, Aleanca \u00ebsht\u00eb e gatshme p\u00ebr zgjedhjet nacionale, me ofert\u00ebn m\u00eb t\u00eb mir\u00eb t\u00eb forcimit t\u00eb lidhjes s\u00eb qytetarit me shtetin, ekonomikisht t\u00eb zhvilluar dhe me vizion t\u00eb qart\u00eb p\u00ebr t\u00eb ardhmen euro-atlantike<\/em>&#8220;- shkruan Haradinaj.<\/p>\n<\/div>\n","protected":false,"gt_translate_keys":[{"key":"rendered","format":"html"}]},"excerpt":{"rendered":"<p>Kryeministri n\u00eb ikje Kosov\u00ebs Ramush Haradinaj u takua me strukturat e forc\u00ebs politike q\u00eb kryeson AAK n\u00eb Pej\u00eb n\u00eb kuad\u00ebr t\u00eb zgjedhjeve t\u00eb parakohshme parlamentare. N\u00eb nj\u00eb postim n\u00eb profilin e tij n\u00eb Facebook, Haradinaj u shfaq i entuziazmuar p\u00ebr takimin n\u00eb zon\u00ebn ku u krijuar Aleanca p\u00ebr Ardhm\u00ebrin\u00eb e Kosov\u00ebs. &#8220;N\u00eb nj\u00eb atmosfer\u00eb mobilizuese, [&hellip;]<\/p>\n","protected":false,"gt_translate_keys":[{"key":"rendered","format":"html"}]},"author":32,"featured_media":312552,"comment_status":"open","ping_status":"open","sticky":false,"template":"","format":"standard","meta":{"footnotes":""},"categories":[149,13],"tags":[],"class_list":["post-312551","post","type-post","status-publish","format-standard","has-post-thumbnail","hentry","category-kosoverajon","category-te-fundit"],"gt_translate_keys":[{"key":"link","format":"url"}],"_links":{"self":[{"href":"https:\/\/www.hashtag.al\/index.php\/wp-json\/wp\/v2\/posts\/312551","targetHints":{"allow":["GET"]}}],"collection":[{"href":"https:\/\/www.hashtag.al\/index.php\/wp-json\/wp\/v2\/posts"}],"about":[{"href":"https:\/\/www.hashtag.al\/index.php\/wp-json\/wp\/v2\/types\/post"}],"author":[{"embeddable":true,"href":"https:\/\/www.hashtag.al\/index.php\/wp-json\/wp\/v2\/users\/32"}],"replies":[{"embeddable":true,"href":"https:\/\/www.hashtag.al\/index.php\/wp-json\/wp\/v2\/comments?post=312551"}],"version-history":[{"count":0,"href":"https:\/\/www.hashtag.al\/index.php\/wp-json\/wp\/v2\/posts\/312551\/revisions"}],"wp:featuredmedia":[{"embeddable":true,"href":"https:\/\/www.hashtag.al\/index.php\/wp-json\/wp\/v2\/media\/312552"}],"wp:attachment":[{"href":"https:\/\/www.hashtag.al\/index.php\/wp-json\/wp\/v2\/media?parent=312551"}],"wp:term":[{"taxonomy":"category","embeddable":true,"href":"https:\/\/www.hashtag.al\/index.php\/wp-json\/wp\/v2\/categories?post=312551"},{"taxonomy":"post_tag","embeddable":true,"href":"https:\/\/www.hashtag.al\/index.php\/wp-json\/wp\/v2\/tags?post=312551"}],"curies":[{"name":"wp","href":"https:\/\/api.w.org\/{rel}","templated":true}]}}