{"id":312405,"date":"2019-07-29T09:45:54","date_gmt":"2019-07-29T07:45:54","guid":{"rendered":"https:\/\/hashtag.al\/?p=312405"},"modified":"2019-07-29T09:45:54","modified_gmt":"2019-07-29T07:45:54","slug":"fieri-konstituon-keshillin-e-bashkise-armando-subashi-e-fitoi-i-vetem-ne-gare","status":"publish","type":"post","link":"https:\/\/www.hashtag.al\/index.php\/2019\/07\/29\/fieri-konstituon-keshillin-e-bashkise-armando-subashi-e-fitoi-i-vetem-ne-gare\/","title":{"rendered":"Fieri konstituon k\u00ebshillin e Bashkis\u00eb, Armando Subashi e fitoi i vet\u00ebm n\u00eb gar\u00eb","gt_translate_keys":[{"key":"rendered","format":"text"}]},"content":{"rendered":"<p><img loading=\"lazy\" decoding=\"async\" class=\"aligncenter size-full wp-image-312406\" src=\"https:\/\/hashtag.al\/wp-content\/uploads\/2019\/07\/d7a1b3bf8dc85cf3c4bd195d4bfee6f8_L.jpg\" alt=\"\" width=\"700\" height=\"395\" srcset=\"https:\/\/www.hashtag.al\/wp-content\/uploads\/2019\/07\/d7a1b3bf8dc85cf3c4bd195d4bfee6f8_L.jpg 700w, https:\/\/www.hashtag.al\/wp-content\/uploads\/2019\/07\/d7a1b3bf8dc85cf3c4bd195d4bfee6f8_L-300x169.jpg 300w\" sizes=\"auto, (max-width: 700px) 100vw, 700px\" \/><\/p>\n<p><span style=\"color: #000000;\">N\u00eb Fier do konstituohet dit\u00ebn e sotme K\u00ebshilli i ri Bashkiak i dal\u00eb nga votimet e 30 qershorit.<\/span><\/p>\n<p><span style=\"color: #000000;\">Armando Subashi do t\u00eb marr\u00eb sot mandatin e dyt\u00eb personal.<\/span><\/p>\n<p><span style=\"color: #000000;\">N\u00eb k\u00ebt\u00eb bashki 48 k\u00ebshilltar\u00eb jan\u00eb nga Partia Socialiste nd\u00ebrsa 1 i p\u00ebrket PSD-s\u00eb dhe 2 PDS-s\u00eb.<\/span><\/p>\n<p><span style=\"color: #000000;\">N\u00eb konstituimin e K\u00ebshillit ka qen\u00eb i pranish\u00ebm edhe Kryetari i Kuvendit Gramoz Ru\u00e7i.<\/span><\/p>\n","protected":false,"gt_translate_keys":[{"key":"rendered","format":"html"}]},"excerpt":{"rendered":"<p>N\u00eb Fier do konstituohet dit\u00ebn e sotme K\u00ebshilli i ri Bashkiak i dal\u00eb nga votimet e 30 qershorit. Armando Subashi do t\u00eb marr\u00eb sot mandatin e dyt\u00eb personal. N\u00eb k\u00ebt\u00eb bashki 48 k\u00ebshilltar\u00eb jan\u00eb nga Partia Socialiste nd\u00ebrsa 1 i p\u00ebrket PSD-s\u00eb dhe 2 PDS-s\u00eb. N\u00eb konstituimin e K\u00ebshillit ka qen\u00eb i pranish\u00ebm edhe Kryetari [&hellip;]<\/p>\n","protected":false,"gt_translate_keys":[{"key":"rendered","format":"html"}]},"author":32,"featured_media":312406,"comment_status":"open","ping_status":"open","sticky":false,"template":"","format":"standard","meta":{"footnotes":""},"categories":[65,13],"tags":[],"class_list":["post-312405","post","type-post","status-publish","format-standard","has-post-thumbnail","hentry","category-lajme","category-te-fundit"],"gt_translate_keys":[{"key":"link","format":"url"}],"_links":{"self":[{"href":"https:\/\/www.hashtag.al\/index.php\/wp-json\/wp\/v2\/posts\/312405","targetHints":{"allow":["GET"]}}],"collection":[{"href":"https:\/\/www.hashtag.al\/index.php\/wp-json\/wp\/v2\/posts"}],"about":[{"href":"https:\/\/www.hashtag.al\/index.php\/wp-json\/wp\/v2\/types\/post"}],"author":[{"embeddable":true,"href":"https:\/\/www.hashtag.al\/index.php\/wp-json\/wp\/v2\/users\/32"}],"replies":[{"embeddable":true,"href":"https:\/\/www.hashtag.al\/index.php\/wp-json\/wp\/v2\/comments?post=312405"}],"version-history":[{"count":0,"href":"https:\/\/www.hashtag.al\/index.php\/wp-json\/wp\/v2\/posts\/312405\/revisions"}],"wp:featuredmedia":[{"embeddable":true,"href":"https:\/\/www.hashtag.al\/index.php\/wp-json\/wp\/v2\/media\/312406"}],"wp:attachment":[{"href":"https:\/\/www.hashtag.al\/index.php\/wp-json\/wp\/v2\/media?parent=312405"}],"wp:term":[{"taxonomy":"category","embeddable":true,"href":"https:\/\/www.hashtag.al\/index.php\/wp-json\/wp\/v2\/categories?post=312405"},{"taxonomy":"post_tag","embeddable":true,"href":"https:\/\/www.hashtag.al\/index.php\/wp-json\/wp\/v2\/tags?post=312405"}],"curies":[{"name":"wp","href":"https:\/\/api.w.org\/{rel}","templated":true}]}}