{"id":311977,"date":"2019-07-25T23:04:41","date_gmt":"2019-07-25T21:04:41","guid":{"rendered":"https:\/\/hashtag.al\/?p=311977"},"modified":"2019-07-25T23:04:41","modified_gmt":"2019-07-25T21:04:41","slug":"franca-rregjistron-papunesine-me-te-ulet-ne-5-vite","status":"publish","type":"post","link":"https:\/\/www.hashtag.al\/index.php\/2019\/07\/25\/franca-rregjistron-papunesine-me-te-ulet-ne-5-vite\/","title":{"rendered":"Franca rregjistron papun\u00ebsin\u00eb m\u00eb t\u00eb ul\u00ebt n\u00eb 5 vite","gt_translate_keys":[{"key":"rendered","format":"text"}]},"content":{"rendered":"<p><img loading=\"lazy\" decoding=\"async\" class=\"aligncenter size-full wp-image-311978\" src=\"https:\/\/hashtag.al\/wp-content\/uploads\/2019\/07\/007-22-May-2018-Paris.jpg\" alt=\"\" width=\"950\" height=\"570\" srcset=\"https:\/\/www.hashtag.al\/wp-content\/uploads\/2019\/07\/007-22-May-2018-Paris.jpg 950w, https:\/\/www.hashtag.al\/wp-content\/uploads\/2019\/07\/007-22-May-2018-Paris-300x180.jpg 300w, https:\/\/www.hashtag.al\/wp-content\/uploads\/2019\/07\/007-22-May-2018-Paris-768x461.jpg 768w\" sizes=\"auto, (max-width: 950px) 100vw, 950px\" \/><\/p>\n<p><span style=\"color: #000000;\">Totali i papun\u00ebsis\u00eb n\u00eb Franc\u00eb ra n\u00eb tremujorin e dyt\u00eb n\u00eb nivelin m\u00eb t\u00eb ul\u00ebt n\u00eb m\u00eb shum\u00eb se pes\u00eb vite.<\/span><\/p>\n<p><span style=\"color: #000000;\">Sipas t\u00eb dh\u00ebnave numri i njer\u00ebzve t\u00eb regjistruar si t\u00eb papun\u00eb n\u00eb Franc\u00ebn kontinentale ra n\u00eb tremujorin prej 14,600 nga tre muajt e m\u00ebparsh\u00ebm n\u00eb 3,377,300.<\/span><\/p>\n<p><span style=\"color: #000000;\">R\u00ebnia, 0.4% mbi nj\u00eb t\u00eb kat\u00ebrt\u00ebn dhe 1.9% n\u00eb m\u00eb shum\u00eb se nj\u00eb vit, solli totalin n\u00eb nivelin m\u00eb t\u00eb ul\u00ebt q\u00eb nga tremujori i par\u00eb i vitit 2014.<\/span><\/p>\n<p><span style=\"color: #000000;\">T\u00eb dh\u00ebnat dhan\u00eb d\u00ebshmi t\u00eb reja se Franca po p\u00ebrparon n\u00eb trajtimin e problemit t\u00eb saj t\u00eb gjat\u00eb me papun\u00ebsin\u00eb e lart\u00eb, pasi rritja \u00ebsht\u00eb m\u00eb mir\u00eb se n\u00eb vendet e tjera europiane dhe reformat e tregut t\u00eb pun\u00ebs t\u00eb Presidentit Emmanuel Macron po fillojn\u00eb t\u00eb japin fryte.<\/span><\/p>\n","protected":false,"gt_translate_keys":[{"key":"rendered","format":"html"}]},"excerpt":{"rendered":"<p>Totali i papun\u00ebsis\u00eb n\u00eb Franc\u00eb ra n\u00eb tremujorin e dyt\u00eb n\u00eb nivelin m\u00eb t\u00eb ul\u00ebt n\u00eb m\u00eb shum\u00eb se pes\u00eb vite. Sipas t\u00eb dh\u00ebnave numri i njer\u00ebzve t\u00eb regjistruar si t\u00eb papun\u00eb n\u00eb Franc\u00ebn kontinentale ra n\u00eb tremujorin prej 14,600 nga tre muajt e m\u00ebparsh\u00ebm n\u00eb 3,377,300. R\u00ebnia, 0.4% mbi nj\u00eb t\u00eb kat\u00ebrt\u00ebn dhe 1.9% [&hellip;]<\/p>\n","protected":false,"gt_translate_keys":[{"key":"rendered","format":"html"}]},"author":32,"featured_media":311978,"comment_status":"open","ping_status":"open","sticky":false,"template":"","format":"standard","meta":{"footnotes":""},"categories":[6,13],"tags":[],"class_list":["post-311977","post","type-post","status-publish","format-standard","has-post-thumbnail","hentry","category-nderkombetare","category-te-fundit"],"gt_translate_keys":[{"key":"link","format":"url"}],"_links":{"self":[{"href":"https:\/\/www.hashtag.al\/index.php\/wp-json\/wp\/v2\/posts\/311977","targetHints":{"allow":["GET"]}}],"collection":[{"href":"https:\/\/www.hashtag.al\/index.php\/wp-json\/wp\/v2\/posts"}],"about":[{"href":"https:\/\/www.hashtag.al\/index.php\/wp-json\/wp\/v2\/types\/post"}],"author":[{"embeddable":true,"href":"https:\/\/www.hashtag.al\/index.php\/wp-json\/wp\/v2\/users\/32"}],"replies":[{"embeddable":true,"href":"https:\/\/www.hashtag.al\/index.php\/wp-json\/wp\/v2\/comments?post=311977"}],"version-history":[{"count":0,"href":"https:\/\/www.hashtag.al\/index.php\/wp-json\/wp\/v2\/posts\/311977\/revisions"}],"wp:featuredmedia":[{"embeddable":true,"href":"https:\/\/www.hashtag.al\/index.php\/wp-json\/wp\/v2\/media\/311978"}],"wp:attachment":[{"href":"https:\/\/www.hashtag.al\/index.php\/wp-json\/wp\/v2\/media?parent=311977"}],"wp:term":[{"taxonomy":"category","embeddable":true,"href":"https:\/\/www.hashtag.al\/index.php\/wp-json\/wp\/v2\/categories?post=311977"},{"taxonomy":"post_tag","embeddable":true,"href":"https:\/\/www.hashtag.al\/index.php\/wp-json\/wp\/v2\/tags?post=311977"}],"curies":[{"name":"wp","href":"https:\/\/api.w.org\/{rel}","templated":true}]}}