{"id":311878,"date":"2019-07-24T22:57:50","date_gmt":"2019-07-24T20:57:50","guid":{"rendered":"https:\/\/hashtag.al\/?p=311878"},"modified":"2019-07-24T22:57:50","modified_gmt":"2019-07-24T20:57:50","slug":"basha-neser-firmosim-marreveshje-me-aleancen-per-teatrin-godina-nuk-do-preket","status":"publish","type":"post","link":"https:\/\/www.hashtag.al\/index.php\/2019\/07\/24\/basha-neser-firmosim-marreveshje-me-aleancen-per-teatrin-godina-nuk-do-preket\/","title":{"rendered":"Basha: Nes\u00ebr firmosim marr\u00ebveshje me Aleanc\u00ebn p\u00ebr Teatrin, godina nuk do preket","gt_translate_keys":[{"key":"rendered","format":"text"}]},"content":{"rendered":"<p><img loading=\"lazy\" decoding=\"async\" class=\"aligncenter size-full wp-image-311879\" src=\"https:\/\/hashtag.al\/wp-content\/uploads\/2019\/07\/basha.png\" alt=\"\" width=\"766\" height=\"428\" srcset=\"https:\/\/www.hashtag.al\/wp-content\/uploads\/2019\/07\/basha.png 766w, https:\/\/www.hashtag.al\/wp-content\/uploads\/2019\/07\/basha-300x168.png 300w\" sizes=\"auto, (max-width: 766px) 100vw, 766px\" \/><\/p>\n<p><span style=\"color: #000000;\">Kryetari i PD Lulzim Basha nga godina e Teatrit Komb\u00ebtar n\u00eb Tiran\u00eb deklaroi se opozita e bashkuar, duke nisur nga nes\u00ebr do t\u00eb firmos\u00eb marr\u00ebveshje me Aleanc\u00ebn p\u00ebr Mbrojtjen e Teatrit.<\/span><\/p>\n<p><span style=\"color: #000000;\">Basha theksoi se nes\u00ebr do t\u00eb b\u00ebhet marr\u00ebveshja mes Aleanc\u00ebn p\u00ebr Teatrin. Kreu demokrat tha se teatri nuk do t\u00eb preket n\u00eb dit\u00ebn e par\u00eb q\u00eb opozita do t\u00eb jet\u00eb n\u00eb qeverisje.<\/span><\/p>\n<p><span style=\"color: #000000;\">\u201c<em>Kjo godin\u00eb \u00ebsht\u00eb kujtes\u00eb e trash\u00ebgimis\u00eb kulture dhe tregues i kultur\u00ebs t\u00eb Tiran\u00ebs dhe mbar\u00eb Shqip\u00ebris\u00eb. Beteja do t\u00eb vazhdoj\u00eb deri n\u00eb fitoren e vlerave europiane, mbi k\u00ebt\u00eb regjim hajdut antipopullor dhe antikomb\u00ebtar.Q\u00eb nes\u00ebr \u00ebt nis\u00eb rezistenca. K\u00ebrkoj nes\u00ebr q\u00eb t\u00eb jemi t\u00eb gjith\u00eb k\u00ebtu.<\/em><\/span><\/p>\n<p><span style=\"color: #000000;\"><em>Sepse nes\u00ebr n\u00eb k\u00ebt\u00eb godin\u00eb do t\u00eb n\u00ebnshkruajm\u00eb marr\u00ebveshjen me Aleanc\u00ebn e Teatrit. Dhe nj\u00ebher\u00eb mir\u00ebnjohje p\u00ebr qendres\u00ebn tuaj. Nes\u00ebr n\u00eb 11.30 do t\u00eb b\u00ebhet n\u00ebnshkrimi k\u00ebtu mes Aleanc\u00ebs p\u00ebr Mbrojtjen e Teatrit dhe opozita<\/em>\u201d- tha Basha.<\/span><\/p>\n","protected":false,"gt_translate_keys":[{"key":"rendered","format":"html"}]},"excerpt":{"rendered":"<p>Kryetari i PD Lulzim Basha nga godina e Teatrit Komb\u00ebtar n\u00eb Tiran\u00eb deklaroi se opozita e bashkuar, duke nisur nga nes\u00ebr do t\u00eb firmos\u00eb marr\u00ebveshje me Aleanc\u00ebn p\u00ebr Mbrojtjen e Teatrit. Basha theksoi se nes\u00ebr do t\u00eb b\u00ebhet marr\u00ebveshja mes Aleanc\u00ebn p\u00ebr Teatrin. Kreu demokrat tha se teatri nuk do t\u00eb preket n\u00eb dit\u00ebn e [&hellip;]<\/p>\n","protected":false,"gt_translate_keys":[{"key":"rendered","format":"html"}]},"author":32,"featured_media":311879,"comment_status":"open","ping_status":"open","sticky":false,"template":"","format":"standard","meta":{"footnotes":""},"categories":[65,13],"tags":[],"class_list":["post-311878","post","type-post","status-publish","format-standard","has-post-thumbnail","hentry","category-lajme","category-te-fundit"],"gt_translate_keys":[{"key":"link","format":"url"}],"_links":{"self":[{"href":"https:\/\/www.hashtag.al\/index.php\/wp-json\/wp\/v2\/posts\/311878","targetHints":{"allow":["GET"]}}],"collection":[{"href":"https:\/\/www.hashtag.al\/index.php\/wp-json\/wp\/v2\/posts"}],"about":[{"href":"https:\/\/www.hashtag.al\/index.php\/wp-json\/wp\/v2\/types\/post"}],"author":[{"embeddable":true,"href":"https:\/\/www.hashtag.al\/index.php\/wp-json\/wp\/v2\/users\/32"}],"replies":[{"embeddable":true,"href":"https:\/\/www.hashtag.al\/index.php\/wp-json\/wp\/v2\/comments?post=311878"}],"version-history":[{"count":0,"href":"https:\/\/www.hashtag.al\/index.php\/wp-json\/wp\/v2\/posts\/311878\/revisions"}],"wp:featuredmedia":[{"embeddable":true,"href":"https:\/\/www.hashtag.al\/index.php\/wp-json\/wp\/v2\/media\/311879"}],"wp:attachment":[{"href":"https:\/\/www.hashtag.al\/index.php\/wp-json\/wp\/v2\/media?parent=311878"}],"wp:term":[{"taxonomy":"category","embeddable":true,"href":"https:\/\/www.hashtag.al\/index.php\/wp-json\/wp\/v2\/categories?post=311878"},{"taxonomy":"post_tag","embeddable":true,"href":"https:\/\/www.hashtag.al\/index.php\/wp-json\/wp\/v2\/tags?post=311878"}],"curies":[{"name":"wp","href":"https:\/\/api.w.org\/{rel}","templated":true}]}}