{"id":311420,"date":"2019-07-22T11:03:37","date_gmt":"2019-07-22T09:03:37","guid":{"rendered":"https:\/\/hashtag.al\/?p=311420"},"modified":"2019-07-22T11:06:55","modified_gmt":"2019-07-22T09:06:55","slug":"caktohen-drejtuesit-e-perkohshem-te-prokurorive-ne-vend-cilet-jane","status":"publish","type":"post","link":"https:\/\/www.hashtag.al\/index.php\/2019\/07\/22\/caktohen-drejtuesit-e-perkohshem-te-prokurorive-ne-vend-cilet-jane\/","title":{"rendered":"Caktohen drejtuesit e p\u00ebrkohsh\u00ebm t\u00eb prokurorive n\u00eb vend, cil\u00ebt jan\u00eb","gt_translate_keys":[{"key":"rendered","format":"text"}]},"content":{"rendered":"<p><img loading=\"lazy\" decoding=\"async\" class=\"aligncenter size-full wp-image-298398\" src=\"https:\/\/hashtag.al\/wp-content\/uploads\/2019\/05\/klp1.jpg\" alt=\"\" width=\"1280\" height=\"857\" srcset=\"https:\/\/www.hashtag.al\/wp-content\/uploads\/2019\/05\/klp1.jpg 1280w, https:\/\/www.hashtag.al\/wp-content\/uploads\/2019\/05\/klp1-300x201.jpg 300w, https:\/\/www.hashtag.al\/wp-content\/uploads\/2019\/05\/klp1-768x514.jpg 768w, https:\/\/www.hashtag.al\/wp-content\/uploads\/2019\/05\/klp1-1024x686.jpg 1024w\" sizes=\"auto, (max-width: 1280px) 100vw, 1280px\" \/><\/p>\n<p><span style=\"color: #000000;\">K\u00ebshilli i Lart\u00eb i Prokuroris\u00eb cakton drejtuesit e p\u00ebrkohsh\u00ebm t\u00eb disa prej prokurorive t\u00eb vendit.<\/span><\/p>\n<p><span style=\"color: #000000;\">Isa Jata do t\u00eb jet\u00eb n\u0451 Prokurorin\u0451 pran\u0451 Gjykat\u0451s s\u0451 Apelit t\u0451 Krimeve t\u0451 R\u0451nda, Julian \u00c7afka n\u00eb prokurorin\u00eb e Gjirokastr\u00ebs, Rozeta Qirjaqi dhe Irena \u00c7unoti caktohen pran\u00eb Gjykat\u00ebs s\u00eb Apelit s\u00eb Kor\u00e7\u0451s kurse Altin Dumani drejtuesi i Apelit p\u00ebr Krime t\u00eb R\u00ebnda.<\/span><\/p>\n<p><span style=\"color: #000000;\">Dit\u00eb m\u00eb par\u00eb u publikuan edhe emrat e prokuror\u00ebve kandidat\u00eb p\u00ebr Struktur\u00ebn e Posa\u00e7me kund\u00ebr Korrupsionit dhe Krimit t\u00eb Organizuar, SPAK-un. K\u00ebshilli i lart\u00eb i Prokuroris\u00eb p\u00ebrjashtoi Donika Prel\u00ebn, kreun e Prokuroris\u00eb p\u00ebr Krime t\u00eb R\u00ebnda dhe Besnik Hajdarmatajn, ish-kreun e k\u00ebsaj prokurorie. U p\u00ebrjashtuan edhe dy prokuror\u00ebt Dritan Pren\u00e7i dhe Vladimir Mara.<\/span><\/p>\n<p><span style=\"color: #000000;\">T\u00eb p\u00ebrzgjedhurit jan\u00eb: Manjola Kajana, Ened Naku\u00e7i, Edvin Kondili, Ndini Tavani, Enkeleda Millonaj, Elida Ka\u00e7kini, Altin Dumani, Anton Martini, Elisabeta Imeraj, Arber Kraja, Doloreza Musabelliu, Klodian Braho, Besnik Mu\u00e7i, Behar Dibra dhe Anita Jella.<\/span><\/p>\n","protected":false,"gt_translate_keys":[{"key":"rendered","format":"html"}]},"excerpt":{"rendered":"<p>K\u00ebshilli i Lart\u00eb i Prokuroris\u00eb cakton drejtuesit e p\u00ebrkohsh\u00ebm t\u00eb disa prej prokurorive t\u00eb vendit. Isa Jata do t\u00eb jet\u00eb n\u0451 Prokurorin\u0451 pran\u0451 Gjykat\u0451s s\u0451 Apelit t\u0451 Krimeve t\u0451 R\u0451nda, Julian \u00c7afka n\u00eb prokurorin\u00eb e Gjirokastr\u00ebs, Rozeta Qirjaqi dhe Irena \u00c7unoti caktohen pran\u00eb Gjykat\u00ebs s\u00eb Apelit s\u00eb Kor\u00e7\u0451s kurse Altin Dumani drejtuesi i Apelit p\u00ebr [&hellip;]<\/p>\n","protected":false,"gt_translate_keys":[{"key":"rendered","format":"html"}]},"author":6,"featured_media":298397,"comment_status":"open","ping_status":"open","sticky":false,"template":"","format":"standard","meta":{"footnotes":""},"categories":[65,13],"tags":[],"class_list":["post-311420","post","type-post","status-publish","format-standard","has-post-thumbnail","hentry","category-lajme","category-te-fundit"],"gt_translate_keys":[{"key":"link","format":"url"}],"_links":{"self":[{"href":"https:\/\/www.hashtag.al\/index.php\/wp-json\/wp\/v2\/posts\/311420","targetHints":{"allow":["GET"]}}],"collection":[{"href":"https:\/\/www.hashtag.al\/index.php\/wp-json\/wp\/v2\/posts"}],"about":[{"href":"https:\/\/www.hashtag.al\/index.php\/wp-json\/wp\/v2\/types\/post"}],"author":[{"embeddable":true,"href":"https:\/\/www.hashtag.al\/index.php\/wp-json\/wp\/v2\/users\/6"}],"replies":[{"embeddable":true,"href":"https:\/\/www.hashtag.al\/index.php\/wp-json\/wp\/v2\/comments?post=311420"}],"version-history":[{"count":0,"href":"https:\/\/www.hashtag.al\/index.php\/wp-json\/wp\/v2\/posts\/311420\/revisions"}],"wp:featuredmedia":[{"embeddable":true,"href":"https:\/\/www.hashtag.al\/index.php\/wp-json\/wp\/v2\/media\/298397"}],"wp:attachment":[{"href":"https:\/\/www.hashtag.al\/index.php\/wp-json\/wp\/v2\/media?parent=311420"}],"wp:term":[{"taxonomy":"category","embeddable":true,"href":"https:\/\/www.hashtag.al\/index.php\/wp-json\/wp\/v2\/categories?post=311420"},{"taxonomy":"post_tag","embeddable":true,"href":"https:\/\/www.hashtag.al\/index.php\/wp-json\/wp\/v2\/tags?post=311420"}],"curies":[{"name":"wp","href":"https:\/\/api.w.org\/{rel}","templated":true}]}}