{"id":311253,"date":"2019-07-21T10:12:14","date_gmt":"2019-07-21T08:12:14","guid":{"rendered":"https:\/\/hashtag.al\/?p=311253"},"modified":"2019-07-21T10:12:14","modified_gmt":"2019-07-21T08:12:14","slug":"operacion-anti-droge-mes-shqiptareve-dhe-italianeve-arrestohen-17-persona","status":"publish","type":"post","link":"https:\/\/www.hashtag.al\/index.php\/2019\/07\/21\/operacion-anti-droge-mes-shqiptareve-dhe-italianeve-arrestohen-17-persona\/","title":{"rendered":"Operacion anti-drog\u00eb mes shqiptar\u00ebve dhe italian\u00ebve, arrestohen 17 persona","gt_translate_keys":[{"key":"rendered","format":"text"}]},"content":{"rendered":"<p><img loading=\"lazy\" decoding=\"async\" class=\"aligncenter size-full wp-image-143405\" src=\"https:\/\/hashtag.al\/wp-content\/uploads\/2017\/07\/auto_gomone-576x3301500221718.jpg\" alt=\"\" width=\"900\" height=\"516\" \/><\/p>\n<p><span style=\"color: #000000;\">Nj\u00eb operacion anti-drog\u00eb \u00ebsht\u00eb zhvilluar m\u00ebngjesin e sot\u00ebm mes Italis\u00eb dhe Shqip\u00ebris\u00eb.<\/span><\/p>\n<p><span style=\"color: #000000;\">Mediat italiane b\u00ebjn\u00eb me dije se operacioni i koduar \u2018Rruga e Detit\u2019\u00ebsht\u00eb zhvilluar pak para agimit, mes Sardenj\u00ebs, l\u2019Emilia-Romagna dhe Shqip\u00ebris\u00eb, nd\u00ebrsa karabinier\u00ebt e Sasarit kan\u00eb b\u00ebr\u00eb arrestimin e 17 personave, shqiptar\u00eb dhe italian\u00eb.<\/span><\/p>\n<p><span style=\"color: #000000;\">T\u00eb arrestuarit akuzohen p\u00ebr organizat\u00eb kriminale, trafik nd\u00ebrkomb\u00ebtar l\u00ebnd\u00ebsh narkotike, shp\u00ebrndarje droge, etj.<\/span><\/p>\n<p><span style=\"color: #000000;\">Operacioni u krye nga Departamenti Territorial i Karabinier\u00ebve t\u00eb Olbia n\u00ebn koordinimin e Drejtoris\u00eb s\u00eb P\u00ebrgjithshme t\u00eb Antimafiave t\u00eb Cagliarit dhe t\u00eb Antiterrorizmit.<\/span><\/p>\n","protected":false,"gt_translate_keys":[{"key":"rendered","format":"html"}]},"excerpt":{"rendered":"<p>Nj\u00eb operacion anti-drog\u00eb \u00ebsht\u00eb zhvilluar m\u00ebngjesin e sot\u00ebm mes Italis\u00eb dhe Shqip\u00ebris\u00eb. Mediat italiane b\u00ebjn\u00eb me dije se operacioni i koduar \u2018Rruga e Detit\u2019\u00ebsht\u00eb zhvilluar pak para agimit, mes Sardenj\u00ebs, l\u2019Emilia-Romagna dhe Shqip\u00ebris\u00eb, nd\u00ebrsa karabinier\u00ebt e Sasarit kan\u00eb b\u00ebr\u00eb arrestimin e 17 personave, shqiptar\u00eb dhe italian\u00eb. T\u00eb arrestuarit akuzohen p\u00ebr organizat\u00eb kriminale, trafik nd\u00ebrkomb\u00ebtar l\u00ebnd\u00ebsh [&hellip;]<\/p>\n","protected":false,"gt_translate_keys":[{"key":"rendered","format":"html"}]},"author":32,"featured_media":111972,"comment_status":"open","ping_status":"open","sticky":false,"template":"","format":"standard","meta":{"footnotes":""},"categories":[65,13],"tags":[],"class_list":["post-311253","post","type-post","status-publish","format-standard","has-post-thumbnail","hentry","category-lajme","category-te-fundit"],"gt_translate_keys":[{"key":"link","format":"url"}],"_links":{"self":[{"href":"https:\/\/www.hashtag.al\/index.php\/wp-json\/wp\/v2\/posts\/311253","targetHints":{"allow":["GET"]}}],"collection":[{"href":"https:\/\/www.hashtag.al\/index.php\/wp-json\/wp\/v2\/posts"}],"about":[{"href":"https:\/\/www.hashtag.al\/index.php\/wp-json\/wp\/v2\/types\/post"}],"author":[{"embeddable":true,"href":"https:\/\/www.hashtag.al\/index.php\/wp-json\/wp\/v2\/users\/32"}],"replies":[{"embeddable":true,"href":"https:\/\/www.hashtag.al\/index.php\/wp-json\/wp\/v2\/comments?post=311253"}],"version-history":[{"count":0,"href":"https:\/\/www.hashtag.al\/index.php\/wp-json\/wp\/v2\/posts\/311253\/revisions"}],"wp:featuredmedia":[{"embeddable":true,"href":"https:\/\/www.hashtag.al\/index.php\/wp-json\/"}],"wp:attachment":[{"href":"https:\/\/www.hashtag.al\/index.php\/wp-json\/wp\/v2\/media?parent=311253"}],"wp:term":[{"taxonomy":"category","embeddable":true,"href":"https:\/\/www.hashtag.al\/index.php\/wp-json\/wp\/v2\/categories?post=311253"},{"taxonomy":"post_tag","embeddable":true,"href":"https:\/\/www.hashtag.al\/index.php\/wp-json\/wp\/v2\/tags?post=311253"}],"curies":[{"name":"wp","href":"https:\/\/api.w.org\/{rel}","templated":true}]}}