{"id":311170,"date":"2019-07-20T15:37:13","date_gmt":"2019-07-20T13:37:13","guid":{"rendered":"https:\/\/hashtag.al\/?p=311170"},"modified":"2019-07-20T15:42:08","modified_gmt":"2019-07-20T13:42:08","slug":"vetingu-i-denarit-biba-3-apartamente-njeri-dhurate-fonde-nga-soros-makina-e-miliona-ne-banka","status":"publish","type":"post","link":"https:\/\/www.hashtag.al\/index.php\/2019\/07\/20\/vetingu-i-denarit-biba-3-apartamente-njeri-dhurate-fonde-nga-soros-makina-e-miliona-ne-banka\/","title":{"rendered":"Vetingu i Denarit\/ Biba, 3 apartamente, nj\u00ebri dhurat\u00eb, fonde nga Soros, makina e miliona n\u00eb banka","gt_translate_keys":[{"key":"rendered","format":"text"}]},"content":{"rendered":"<p><span style=\"color: #000000;\"><img loading=\"lazy\" decoding=\"async\" class=\"alignright size-full wp-image-311171\" src=\"https:\/\/hashtag.al\/wp-content\/uploads\/2019\/07\/denar20korrik1.jpg45.jpg\" alt=\"\" width=\"1280\" height=\"720\" srcset=\"https:\/\/www.hashtag.al\/wp-content\/uploads\/2019\/07\/denar20korrik1.jpg45.jpg 1280w, https:\/\/www.hashtag.al\/wp-content\/uploads\/2019\/07\/denar20korrik1.jpg45-300x169.jpg 300w, https:\/\/www.hashtag.al\/wp-content\/uploads\/2019\/07\/denar20korrik1.jpg45-768x432.jpg 768w, https:\/\/www.hashtag.al\/wp-content\/uploads\/2019\/07\/denar20korrik1.jpg45-1024x576.jpg 1024w\" sizes=\"auto, (max-width: 1280px) 100vw, 1280px\" \/><\/span><\/p>\n<p><span style=\"color: #000000;\">Kushdo q\u00eb mendon se Denar Biba \u00ebsht\u00eb nj\u00eb \u201cservil i verbuar\u201d ndaj Edi Ram\u00ebs, aq sa mund t\u00eb humbas\u00eb edhe lirin\u00eb e tij p\u00ebr t\u2019i forcuar pushtetin kryeministrit, di vet\u00ebm gjysm\u00ebn e t\u00eb v\u00ebrtet\u00ebs.<\/span><\/p>\n<p><span style=\"color: #000000;\">Pjesa tjet\u00ebr e s\u00eb v\u00ebrtet\u00ebs, ajo q\u00eb gjendet n\u00ebp\u00ebr dokumenta, \u00ebsht\u00eb q\u00eb n\u00ebnkryetari aktual i Komisionit Qendror t\u00eb Zgjedhjeve ia \u201cka par\u00eb hajrin\u201d sjelljes s\u00eb tij karshi pushtetit t\u00eb Edi Ram\u00ebs.<\/span><\/p>\n<p><span style=\"color: #000000;\">Denar Biba, i cili s\u00eb fundmi ishte iniciatori i mos-njohjes s\u00eb dekretit presidencial p\u00ebr zgjedhjet lokale, dhe bashk\u00ebshortja e tij, Elona Kana, ndihm\u00ebse n\u00eb Gjykat\u00ebn e Lart\u00eb, rezultojn\u00eb nd\u00ebr \u00e7iftet m\u00eb t\u00eb pasura t\u00eb personave q\u00eb krijojn\u00eb t\u00eb ardhura vet\u00ebm nga pun\u00ebsimi n\u00eb shtet.<\/span><\/p>\n<p><span style=\"color: #000000;\">Biba dhe Kana nuk rezulton t\u00eb ken\u00eb asnj\u00eb trash\u00ebgimi, t\u00eb mos jen\u00eb marr\u00eb asnj\u00ebher\u00eb me biznes, t\u00eb pakt\u00ebn nga viti 2003 e k\u00ebtej. E megjithat\u00eb, t\u00eb ardhurat e tyre vjetore, her\u00eb her\u00eb kan\u00eb arritur n\u00eb vlera 3-4 milion\u00eb lek\u00eb t\u00eb reja, t\u00eb siguruara nga pun\u00ebsimi n\u00eb shtet, dh\u00ebnie leksionesh, si edhe nga projektet e fondacionit Soros.<\/span><\/p>\n<p><span style=\"color: #000000;\">Bashk\u00ebshort\u00ebt Biba jan\u00eb pronar\u00eb t\u00eb tre apartamente, nj\u00ebri prej t\u00eb cil\u00ebve i dhuruar, t\u00eb llogarive bankare me shuma t\u00eb m\u00ebdha, automjeteve, obligacione e Bono Thesari, si edhe posedues t\u00eb Fondeve t\u00eb Investimit n\u00eb nj\u00eb bank\u00eb t\u00eb nivelit t\u00eb dyt\u00eb.<\/span><\/p>\n<p><span style=\"color: #000000;\"><strong>Vetingu<\/strong><\/span><\/p>\n<p><span style=\"color: #000000;\">Pasuria e n\u00ebnkryetarit t\u00eb KQZ-s\u00eb \u00ebsht\u00eb p\u00ebrfshir\u00eb n\u00eb procesin e Vetingut prej nj\u00eb viti, p\u00ebr shkak se bashk\u00ebshortja e tij \u00ebsht\u00eb subjekt i rivler\u00ebsimit si ndihm\u00ebse ligjore n\u00eb Gjykat\u00ebn e Lart\u00eb.<\/span><\/p>\n<p><span style=\"color: #000000;\">Komisioni i Pavarur i Kualifikimit (KPK) ka hedhur shortin p\u00ebr vetingun e Elona Kana (Biba) n\u00eb Maj t\u00eb 2018-\u00ebs.<\/span><\/p>\n<p><span style=\"color: #000000;\">Por, megjith\u00ebse ka kaluar m\u00eb shum\u00eb se nj\u00eb vit, Kana ende nuk \u00ebsht\u00eb p\u00ebrballur me seanc\u00ebn d\u00ebgjimore t\u00eb Vetingut, nd\u00ebrkoh\u00eb q\u00eb pjesa m\u00eb e madhe e subjekteve t\u00eb atij shorti kan\u00eb kaluar, m\u00eb s\u00eb paku para KPK-s\u00eb, nd\u00ebrsa disa kan\u00eb p\u00ebrfunduar procedurat edhe n\u00eb Kolegjin e Posa\u00e7\u00ebm t\u00eb Apelimit.<\/span><\/p>\n<p><span style=\"color: #000000;\">\u201cBoldnews.al\u201d ka siguruar, n\u00ebp\u00ebrmjet nj\u00eb k\u00ebrkese zyrtare, deklaratat e pasuris\u00eb t\u00eb Denar Bib\u00ebs dhe Elona Kan\u00ebs, t\u00eb dor\u00ebzuar pran\u00eb Inspektoratit t\u00eb Lart\u00eb t\u00eb Deklarimit t\u00eb Pasurive e Konfliktit t\u00eb Interesave (ILDKPKI).<\/span><\/p>\n<p><span style=\"color: #000000;\">Nga t\u00eb dh\u00ebnat, rezulton se Denar Biba nuk i ka shp\u00ebtuar \u201cvirusit\u201d q\u00eb ka z\u00ebn\u00eb gjyqtar\u00eb e prokuror\u00eb t\u00eb shkarkuar nga Vetingu, at\u00eb t\u00eb dhuratave mes familjar\u00ebve dhe huave pa interes dhe pa afat shlyerjeje.<\/span><\/p>\n<p><span style=\"color: #000000;\"><strong>Dyshimet n\u00eb deklarimet e para<\/strong><\/span><\/p>\n<p><span style=\"color: #000000;\">Denar Biba ka deklaruar pasurin\u00eb e tij q\u00eb n\u00eb koh\u00ebn e hyrjes n\u00eb fuqi t\u00eb ligjit p\u00ebrkat\u00ebs, n\u00eb vitin 2003.<\/span><\/p>\n<p><span style=\"color: #000000;\">N\u00eb deklarat\u00ebn e par\u00eb ai sh\u00ebnon si pasuri t\u00eb tij\u00ebn vet\u00ebm t\u00eb ardhurat 1.3 milion\u00eb lek\u00eb t\u00eb reja, si edhe nj\u00eb hua n\u00eb vler\u00eb 2 milion\u00eb lek\u00eb. P\u00ebr k\u00ebt\u00eb hua, nuk deklaron as se kujt ia ka marr\u00eb, as n\u00ebse ka interes dhe afat shlyerjeje dhe as se p\u00ebrse e ka p\u00ebrdorur.<\/span><\/p>\n<p><span style=\"color: #000000;\">Pra, kjo ishte pasuria e Denar Bib\u00ebs, n\u00eb at\u00eb koh\u00eb Drejtor Drejtorie n\u00eb Gjykat\u00ebn e Lart\u00eb, si edhe p\u00ebrfitues i projekteve t\u00eb Soros-it, sipas vet\u00ebdeklarimit t\u00eb tij.<\/span><\/p>\n<p><span style=\"color: #000000;\">Por, nj\u00eb vit m\u00eb pas, Denari dhe bashk\u00ebshortja e tij b\u00ebhen pronar\u00eb t\u00eb nj\u00eb apartamenti me vler\u00eb 4 milion\u00eb lek\u00eb. N\u00eb deklarat\u00ebn e pasuris\u00eb nuk jepet asnj\u00eb e dh\u00ebn\u00eb p\u00ebr burimin e blerjes s\u00eb k\u00ebtij apartamenti-as kredi, as kursime, as borxhe. Asgj\u00eb. Sh\u00ebnimi i vet\u00ebm \u00ebsht\u00eb q\u00eb Denari \u00ebsht\u00eb b\u00ebr\u00eb pronar i k\u00ebtij apartamenti dhe, p\u00ebr pages\u00ebn e tij ka p\u00ebrdorur nj\u00eb hua n\u00eb vler\u00eb 1.5 milion\u00eb lek\u00eb.<\/span><\/p>\n<p><span style=\"color: #000000;\">Nuk \u00ebsht\u00eb e qart\u00eb n\u00ebse kjo hua (1.5 milion\u00eb) lek\u00eb \u00ebsht\u00eb e ndryshme nga ajo e para (2 milion\u00eb lek\u00eb), apo \u00ebsht\u00eb e nj\u00ebjta. Gjith\u00ebsesi, si n\u00eb deklarat\u00ebn e pasuris\u00eb s\u00eb m\u00ebparshme, edhe p\u00ebr k\u00ebt\u00eb hua nuk jepet asnj\u00eb e dh\u00ebn\u00eb se kujt ia ka marr\u00eb, n\u00ebse \u00ebsht\u00eb me interes apo jo dhe sa \u00ebsht\u00eb afati i shlyerjes.<\/span><\/p>\n<p><span style=\"color: #000000;\">N\u00eb vitin 2006, Biba blen nj\u00eb automjet 250 mij\u00eb lek\u00eb, nd\u00ebrkoh\u00eb q\u00eb kursen nga t\u00eb ardhurat 350 mij\u00eb lek\u00eb.<\/span><\/p>\n<p><span style=\"color: #000000;\"><strong>Milionat<\/strong><\/span><\/p>\n<p><span style=\"color: #000000;\">N\u00eb vitin 2007, Biba shet Volksvagenin p\u00ebr 360 mij\u00eb lek\u00eb (pra, rreth 100 mij\u00eb lek\u00eb t\u00eb reja m\u00eb shtrenjt\u00eb se sa e ka bler\u00eb). Me t\u00eb ardhurat e fituara, si edhe disa kursime, blen nj\u00eb Mercedez me vler\u00eb 430 mij\u00eb lek\u00eb.<\/span><\/p>\n<p><span style=\"color: #000000;\">Nd\u00ebrkoh\u00eb, arrin t\u00eb kurseje edhe 1 milion lek\u00eb t\u00eb reja, t\u00eb mund\u00ebsuara nga rritja e t\u00eb ardhurave familjare nga pagat, t\u00eb cilat n\u00eb at\u00eb vit p\u00eb<\/span><\/p>\n<p><span style=\"color: #000000;\">Duke nisur nga viti 2007, Denar Biba dhe Elona Kana sigurojn\u00eb t\u00eb ardhura t\u00eb konsiderueshme nga aktivitetet e tyre profesionale (t\u00eb pun\u00ebsuar).<\/span><\/p>\n<p><span style=\"color: #000000;\">Nga viti 2007 deri n\u00eb vitin 2012, t\u00eb ardhura e familjes Biba nga pagat variojn\u00eb n\u00eb shifrat 2.3-3 milion\u00eb lek\u00eb n\u00eb vit. K\u00ebto t\u00eb ardhura u krijojn\u00eb bashk\u00ebshort\u00ebve mund\u00ebsin\u00eb e kursimeve periodike.<\/span><\/p>\n<p><span style=\"color: #000000;\">N\u00eb vitin 2012, kursimet e tyre, Biba dhe Kana vendosin t\u2019i investojn\u00eb dhe shpenzojn\u00eb. Fillimisht ata blejn\u00eb Bono Thesari n\u00eb vler\u00ebn 13 mij\u00eb euro. Gjithashtu, krijojn\u00eb nj\u00eb depozit\u00eb bankare n\u00eb vler\u00ebn 2 milion lek\u00eb t\u00eb reja, si edhe blejn\u00eb nj\u00eb automjet Hyundai, 19 mij\u00eb euro.<\/span><\/p>\n<p><span style=\"color: #000000;\">N\u00eb at\u00eb vit, \u00e7ifti Biba-Kana kan\u00eb siguruar nivelin m\u00eb t\u00eb lart\u00eb t\u00eb t\u00eb ardhurave vjetore-n\u00eb nj\u00eb shif\u00ebr q\u00eb arrin n\u00eb 4.8 milion\u00eb lek\u00eb t\u00eb reja nga pagat dhe nj\u00eb d\u00ebmshp\u00ebrblim i bashk\u00ebshortes p\u00ebr largim nga puna (n\u00eb KKRT). Gjithashtu, k\u00ebsaj shifre u shtohen edhe 13 mij\u00eb euro t\u00eb tjera, t\u00eb p\u00ebrfituara nga projektet e Soros, fondacionit \u201cKonrad Adenauer\u201d, t\u00eb ardhura nga depozitat n\u00eb shum\u00ebn 1700 euro, si edhe shitja e Mercedezit, n\u00eb vler\u00eb 4 mij\u00eb euro.<\/span><\/p>\n<p><span style=\"color: #000000;\"><strong>Apartament dhurat\u00eb<\/strong><\/span><\/p>\n<p><span style=\"color: #000000;\">Pik\u00ebrisht, n\u00eb vitin m\u00eb t\u00eb begat\u00eb t\u00eb Denarit sa u p\u00ebrket t\u00eb ardhurave, ai fiton edhe nj\u00eb apartament 134 m2 dhurat\u00eb. Sipas deklarat\u00ebs s\u00eb pasuris\u00eb s\u00eb vitit 2012, Biba deklaron se ka p\u00ebrfituar dhurat\u00eb apartamentin nga prind\u00ebrit e tij. Pjesa takuese e Denarit \u00ebsht\u00eb 50%. Pjesa tjet\u00ebr \u00ebsht\u00eb e motr\u00ebs s\u00eb tij.<\/span><\/p>\n<p><span style=\"color: #000000;\">Krahas pasuris\u00eb, viti 2012 ishte i mir\u00eb edhe p\u00ebr karrier\u00ebn e Denar Bib\u00ebs. N\u00eb tetor t\u00eb atij viti, ai zgjidhet an\u00ebtar i Komisionit Qendror t\u00eb Zgjedhjeve, si propozim i Partis\u00eb Socialiste.<\/span><\/p>\n<p><span style=\"color: #000000;\">N\u00eb periudh\u00ebn 2013-2016, t\u00eb ardhurat e \u00e7iftit vijojn\u00eb t\u00eb jen\u00eb t\u00eb larta, t\u00eb cilat i lejonin t\u00eb shtonin llogarit\u00eb bankare, t\u00eb p\u00ebrdornin para p\u00ebr Fonde Investimesh n\u00eb nj\u00eb bank\u00eb t\u00eb nivelit t\u00eb dyt\u00eb dhe, mbi t\u00eb gjitha, t\u00eb prenotonin nj\u00eb apartament t\u00eb ri, me vler\u00eb 83.400 mij\u00eb euro, si edhe nj\u00eb vend-parkimi n\u00eb shum\u00ebn 7 mij\u00eb euro.<\/span><\/p>\n<p><span style=\"color: #000000;\">N\u00eb k\u00ebt\u00eb m\u00ebnyr\u00eb, Denar Biba, gjithnj\u00eb sipas deklarimeve t\u00eb tij, rezulton pronar i tre apartamenteve-i pari i bler\u00eb n\u00eb shum\u00ebn 4 milion lek\u00eb n\u00eb vitin 2004, p\u00ebr t\u00eb cilin nuk ka sh\u00ebnuar asnj\u00eb burim; i dyti \u00ebsht\u00eb apartamenti i dhuruar nga prind\u00ebrit n\u00eb vitin 2012; dhe i treti, apartamenti i prenotuar n\u00eb vitin 2015, n\u00eb vler\u00eb 83.400 euro.<\/span><\/p>\n<p><span style=\"color: #000000;\">Por, pavar\u00ebsisht t\u00eb ardhurave t\u00eb konsiderueshme, Denar Biba deklaron se ka marr\u00eb nj\u00eb hua me vler\u00eb 5 mij\u00eb euro. S\u00ebrish, si edhe n\u00eb deklaratat fillestare, ai nuk sh\u00ebnon se kujt ia ka marr\u00eb dhe as n\u00ebse kjo hua \u00ebsht\u00eb me interes apo dhe kur \u00ebsht\u00eb afati i shlyerjes.<\/span><\/p>\n<p><span style=\"color: #000000;\">N\u00eb vijim, n\u00eb deklaratat e pasuris\u00eb p\u00ebr vitin 2017 dhe 2018, Denar Biba rikthehet t\u00eb deklaroj\u00eb edhe huan\u00eb n\u00eb shum\u00ebn 1.5 milion\u00eb lek\u00eb q\u00eb kishte marr\u00eb n\u00eb vitin 2004 p\u00ebr blerjen e apartamentit t\u00eb par\u00eb.<\/span><\/p>\n<p><span style=\"color: #000000;\">N\u00eb deklaratat e pasuris\u00eb rezulton q\u00eb Denar Biba, me t\u00eb ardhura t\u00eb konsiderueshme prej shum\u00eb vitesh, vijon t\u00eb mbaj\u00eb t\u00eb pashlyer nj\u00eb hua n\u00eb vler\u00ebn 1.5 milion\u00eb lek\u00eb p\u00ebr rreth 15 vjet.<\/span><\/p>\n<p><span style=\"color: #000000;\">Gjith\u00ebsesi, t\u00eb dh\u00ebnat e sip\u00ebrcituara jan\u00eb siguruar nga formular\u00ebt e pasuris\u00eb t\u00eb plot\u00ebsuar nga Denar Biba dhe bashk\u00ebshortja e tij, Elona Kana.<\/span><\/p>\n<p><span style=\"color: #000000;\">K\u00ebto t\u00eb dh\u00ebna tashm\u00eb jan\u00eb subjekt i procesit t\u00eb Vetingut, t\u00eb nisur p\u00ebr bashk\u00ebshorten e tij, ndihm\u00ebse n\u00eb Gjykat\u00ebn e Lart\u00eb.<\/span><\/p>\n<p><span style=\"color: #000000;\"><span style=\"color: #ff0000;\"><strong>VINI RE<\/strong><\/span>: Ky material \u00ebsht\u00eb pron\u00ebsi intelektuale e <a href=\"https:\/\/boldnews.al\/2019\/07\/20\/vetingu-i-denarit-biba-3-apartamente-njeri-dhurate-fonde-nga-soros-makina-e-miliona-ne-banka\/4\/#gallery_photo\"><span style=\"color: #0000ff;\">Boldnews<\/span><\/a><\/span><\/p>\n<p><img loading=\"lazy\" decoding=\"async\" class=\"alignright size-full wp-image-311177\" src=\"https:\/\/hashtag.al\/wp-content\/uploads\/2019\/07\/denar20korrik1-1.jpg\" alt=\"\" width=\"718\" height=\"912\" srcset=\"https:\/\/www.hashtag.al\/wp-content\/uploads\/2019\/07\/denar20korrik1-1.jpg 718w, https:\/\/www.hashtag.al\/wp-content\/uploads\/2019\/07\/denar20korrik1-1-236x300.jpg 236w\" sizes=\"auto, (max-width: 718px) 100vw, 718px\" \/> <img loading=\"lazy\" decoding=\"async\" class=\"alignright size-full wp-image-311176\" src=\"https:\/\/hashtag.al\/wp-content\/uploads\/2019\/07\/denar20korrik1-1.jpg2_-1.jpg\" alt=\"\" width=\"713\" height=\"908\" srcset=\"https:\/\/www.hashtag.al\/wp-content\/uploads\/2019\/07\/denar20korrik1-1.jpg2_-1.jpg 713w, https:\/\/www.hashtag.al\/wp-content\/uploads\/2019\/07\/denar20korrik1-1.jpg2_-1-236x300.jpg 236w\" sizes=\"auto, (max-width: 713px) 100vw, 713px\" \/> <img loading=\"lazy\" decoding=\"async\" class=\"alignright size-full wp-image-311175\" src=\"https:\/\/hashtag.al\/wp-content\/uploads\/2019\/07\/denar20korrik1.jpg3_.jpg\" alt=\"\" width=\"750\" height=\"859\" srcset=\"https:\/\/www.hashtag.al\/wp-content\/uploads\/2019\/07\/denar20korrik1.jpg3_.jpg 750w, https:\/\/www.hashtag.al\/wp-content\/uploads\/2019\/07\/denar20korrik1.jpg3_-262x300.jpg 262w\" sizes=\"auto, (max-width: 750px) 100vw, 750px\" \/> <img loading=\"lazy\" decoding=\"async\" class=\"alignright size-full wp-image-311174\" src=\"https:\/\/hashtag.al\/wp-content\/uploads\/2019\/07\/denar20korrik1.jpg4_.jpg\" alt=\"\" width=\"717\" height=\"909\" srcset=\"https:\/\/www.hashtag.al\/wp-content\/uploads\/2019\/07\/denar20korrik1.jpg4_.jpg 717w, https:\/\/www.hashtag.al\/wp-content\/uploads\/2019\/07\/denar20korrik1.jpg4_-237x300.jpg 237w\" sizes=\"auto, (max-width: 717px) 100vw, 717px\" \/><\/p>\n","protected":false,"gt_translate_keys":[{"key":"rendered","format":"html"}]},"excerpt":{"rendered":"<p>Kushdo q\u00eb mendon se Denar Biba \u00ebsht\u00eb nj\u00eb \u201cservil i verbuar\u201d ndaj Edi Ram\u00ebs, aq sa mund t\u00eb humbas\u00eb edhe lirin\u00eb e tij p\u00ebr t\u2019i forcuar pushtetin kryeministrit, di vet\u00ebm gjysm\u00ebn e t\u00eb v\u00ebrtet\u00ebs. Pjesa tjet\u00ebr e s\u00eb v\u00ebrtet\u00ebs, ajo q\u00eb gjendet n\u00ebp\u00ebr dokumenta, \u00ebsht\u00eb q\u00eb n\u00ebnkryetari aktual i Komisionit Qendror t\u00eb Zgjedhjeve ia \u201cka [&hellip;]<\/p>\n","protected":false,"gt_translate_keys":[{"key":"rendered","format":"html"}]},"author":51,"featured_media":311171,"comment_status":"open","ping_status":"open","sticky":false,"template":"","format":"standard","meta":{"footnotes":""},"categories":[65,13],"tags":[],"class_list":["post-311170","post","type-post","status-publish","format-standard","has-post-thumbnail","hentry","category-lajme","category-te-fundit"],"gt_translate_keys":[{"key":"link","format":"url"}],"_links":{"self":[{"href":"https:\/\/www.hashtag.al\/index.php\/wp-json\/wp\/v2\/posts\/311170","targetHints":{"allow":["GET"]}}],"collection":[{"href":"https:\/\/www.hashtag.al\/index.php\/wp-json\/wp\/v2\/posts"}],"about":[{"href":"https:\/\/www.hashtag.al\/index.php\/wp-json\/wp\/v2\/types\/post"}],"author":[{"embeddable":true,"href":"https:\/\/www.hashtag.al\/index.php\/wp-json\/wp\/v2\/users\/51"}],"replies":[{"embeddable":true,"href":"https:\/\/www.hashtag.al\/index.php\/wp-json\/wp\/v2\/comments?post=311170"}],"version-history":[{"count":0,"href":"https:\/\/www.hashtag.al\/index.php\/wp-json\/wp\/v2\/posts\/311170\/revisions"}],"wp:featuredmedia":[{"embeddable":true,"href":"https:\/\/www.hashtag.al\/index.php\/wp-json\/wp\/v2\/media\/311171"}],"wp:attachment":[{"href":"https:\/\/www.hashtag.al\/index.php\/wp-json\/wp\/v2\/media?parent=311170"}],"wp:term":[{"taxonomy":"category","embeddable":true,"href":"https:\/\/www.hashtag.al\/index.php\/wp-json\/wp\/v2\/categories?post=311170"},{"taxonomy":"post_tag","embeddable":true,"href":"https:\/\/www.hashtag.al\/index.php\/wp-json\/wp\/v2\/tags?post=311170"}],"curies":[{"name":"wp","href":"https:\/\/api.w.org\/{rel}","templated":true}]}}