{"id":311010,"date":"2019-07-19T14:44:42","date_gmt":"2019-07-19T12:44:42","guid":{"rendered":"https:\/\/hashtag.al\/?p=311010"},"modified":"2019-07-19T14:44:42","modified_gmt":"2019-07-19T12:44:42","slug":"perdhunimi-i-dyshuar-ne-grup-i-vajzes-8-vjecare-reagon-policia-kryem-te-gjitha-veprimet-e-nevojshme","status":"publish","type":"post","link":"https:\/\/www.hashtag.al\/index.php\/2019\/07\/19\/perdhunimi-i-dyshuar-ne-grup-i-vajzes-8-vjecare-reagon-policia-kryem-te-gjitha-veprimet-e-nevojshme\/","title":{"rendered":"P\u00ebrdhunimi i dyshuar n\u00eb grup i vajz\u00ebs 8-vje\u00e7are, reagon Policia: Kryem t\u00eb gjitha veprimet e nevojshme","gt_translate_keys":[{"key":"rendered","format":"text"}]},"content":{"rendered":"<p><img loading=\"lazy\" decoding=\"async\" class=\"aligncenter size-full wp-image-311011\" src=\"https:\/\/hashtag.al\/wp-content\/uploads\/2019\/07\/perdhunim2.jpg\" alt=\"\" width=\"930\" height=\"695\" srcset=\"https:\/\/www.hashtag.al\/wp-content\/uploads\/2019\/07\/perdhunim2.jpg 930w, https:\/\/www.hashtag.al\/wp-content\/uploads\/2019\/07\/perdhunim2-300x224.jpg 300w, https:\/\/www.hashtag.al\/wp-content\/uploads\/2019\/07\/perdhunim2-768x574.jpg 768w\" sizes=\"auto, (max-width: 930px) 100vw, 930px\" \/><\/p>\n<p><span style=\"color: #000000;\">Reagon Policia e Shtetit pas publikimit t\u00eb ngjarjes s\u00eb r\u00ebnd\u00eb n\u00eb Arapaj t\u00eb Durr\u00ebsit, ku nj\u00eb vajz\u00eb, vet\u00ebm 8 vje\u00e7 dyshohet t\u00eb jet\u00eb p\u00ebrdhunuar n\u00eb grup nga t\u00eb mitur 15-16 vje\u00e7.<\/span><\/p>\n<p><strong><span style=\"color: #000000;\">Reagimi i plot\u00eb:<\/span><\/strong><\/p>\n<p><span style=\"color: #000000;\">&#8220;Nisur nga keqp\u00ebrdorimi mediatik i ngjares s\u00eb ndodhur m\u00eb dat\u00eb 4 korrik 2019, n\u00eb Durr\u00ebs, ku dy t\u00eb mitur kan\u00eb kryer vepra t\u00eb turpshme m\u00eb nj\u00eb shtetase t\u00eb mitur dhe se Policia ka fshehur ngjarjen, sqarojm\u00eb opininon publik se:<\/span><\/p>\n<p><span style=\"color: #000000;\">N\u00eb dat\u00eb 04.07.2019, pran\u00eb Komisariatit t\u00eb Policis\u00eb Durr\u00ebs \u00ebsht\u00eb paraqitur dhe ka b\u00ebr\u00eb kall\u00ebzim nj\u00eb shtetase, e cila ka shpjeguar se rreth nj\u00eb jav\u00eb m\u00eb par\u00eb vajza e saj \u00ebsht\u00eb g\u00ebnjyer nga dy shtetas po t\u00eb mitur, banor\u00eb t\u00eb lagjes, t\u00eb cil\u00ebt kan\u00eb kryer vepra t\u00eb turpshme.<\/span><\/p>\n<p><span style=\"color: #000000;\">P\u00ebr sqarimin e rrethanave t\u00eb k\u00ebsaj ngjarjeje, Policia e Durr\u00ebsit menj\u00ebhet\u00eb ka kryer t\u00eb gjitha veprimet e nevojshme hetimore, duke e marr\u00eb n\u00eb pyetje vajz\u00ebn n\u00eb prani t\u00eb psikologes dhe n\u00ebn\u00ebs s\u00eb saj, si dhe \u00ebsht\u00eb komunikuar me prokuroren e gatshme pran\u00eb Prokuroris\u00eb s\u00eb Rrethit Gjyq\u00ebsor Durr\u00ebs.<\/span><\/p>\n<p><span style=\"color: #000000;\">Si rezultat i veprimeve t\u00eb kryera, m\u00eb dat\u00eb 05.07.2019, \u00ebsht\u00eb b\u00ebr\u00eb ndalimi i nj\u00eb t\u00eb mituri, i mosh\u00ebs 16 vje\u00e7, nd\u00ebrsa nj\u00eb i mitur tjet\u00ebr i dyshuar si autor n\u00eb k\u00ebt\u00eb ngjarje \u00ebsht\u00eb n\u00ebn mosh\u00ebn e p\u00ebrgjegj\u00ebsis\u00eb penale dhe \u00ebsht\u00eb ndjekur n\u00eb gjendje t\u00eb lir\u00eb.<\/span><\/p>\n<p><span style=\"color: #000000;\">N\u00eb lidhje me k\u00ebt\u00eb ngjarje me impakt n\u00eb publik dhe me pasoja p\u00ebr shtetasen e mitur dhe familjar\u00ebt e saj, Policia e Shtetit\u00a0 ka shmangur n\u00eb maksimum publikimin e k\u00ebtij rasti, duke e l\u00ebn\u00eb\u00a0 shkurt e pa detaje n\u00eb \u00cbebin zyrtar.<\/span><\/p>\n<p><span style=\"color: #000000;\">N\u00eb k\u00ebt\u00eb kuad\u00ebr Policia e Shtetit k\u00ebrkon mir\u00ebkuptimin e medias q\u00eb t\u00eb shmang\u00eb sa t\u00eb jet\u00eb e mundur publikimin e t\u00eb dh\u00ebnave personale t\u00eb vajz\u00ebs s\u00eb mitur apo detaje rreth ngjarjes.<\/span><\/p>\n<p><span style=\"color: #000000;\">Policia e Shetit \u00ebsht\u00eb e angazhuar dhe e p\u00ebrkushtuar n\u00eb sh\u00ebrbim t\u00eb qytetar\u00ebve dhe n\u00eb luft\u00eb pa kompromis kund\u00ebr paligjshm\u00ebris\u00eb.&#8221;<\/span><\/p>\n","protected":false,"gt_translate_keys":[{"key":"rendered","format":"html"}]},"excerpt":{"rendered":"<p>Reagon Policia e Shtetit pas publikimit t\u00eb ngjarjes s\u00eb r\u00ebnd\u00eb n\u00eb Arapaj t\u00eb Durr\u00ebsit, ku nj\u00eb vajz\u00eb, vet\u00ebm 8 vje\u00e7 dyshohet t\u00eb jet\u00eb p\u00ebrdhunuar n\u00eb grup nga t\u00eb mitur 15-16 vje\u00e7. Reagimi i plot\u00eb: &#8220;Nisur nga keqp\u00ebrdorimi mediatik i ngjares s\u00eb ndodhur m\u00eb dat\u00eb 4 korrik 2019, n\u00eb Durr\u00ebs, ku dy t\u00eb mitur kan\u00eb kryer [&hellip;]<\/p>\n","protected":false,"gt_translate_keys":[{"key":"rendered","format":"html"}]},"author":6,"featured_media":311011,"comment_status":"open","ping_status":"open","sticky":false,"template":"","format":"standard","meta":{"footnotes":""},"categories":[65,13],"tags":[],"class_list":["post-311010","post","type-post","status-publish","format-standard","has-post-thumbnail","hentry","category-lajme","category-te-fundit"],"gt_translate_keys":[{"key":"link","format":"url"}],"_links":{"self":[{"href":"https:\/\/www.hashtag.al\/index.php\/wp-json\/wp\/v2\/posts\/311010","targetHints":{"allow":["GET"]}}],"collection":[{"href":"https:\/\/www.hashtag.al\/index.php\/wp-json\/wp\/v2\/posts"}],"about":[{"href":"https:\/\/www.hashtag.al\/index.php\/wp-json\/wp\/v2\/types\/post"}],"author":[{"embeddable":true,"href":"https:\/\/www.hashtag.al\/index.php\/wp-json\/wp\/v2\/users\/6"}],"replies":[{"embeddable":true,"href":"https:\/\/www.hashtag.al\/index.php\/wp-json\/wp\/v2\/comments?post=311010"}],"version-history":[{"count":0,"href":"https:\/\/www.hashtag.al\/index.php\/wp-json\/wp\/v2\/posts\/311010\/revisions"}],"wp:featuredmedia":[{"embeddable":true,"href":"https:\/\/www.hashtag.al\/index.php\/wp-json\/wp\/v2\/media\/311011"}],"wp:attachment":[{"href":"https:\/\/www.hashtag.al\/index.php\/wp-json\/wp\/v2\/media?parent=311010"}],"wp:term":[{"taxonomy":"category","embeddable":true,"href":"https:\/\/www.hashtag.al\/index.php\/wp-json\/wp\/v2\/categories?post=311010"},{"taxonomy":"post_tag","embeddable":true,"href":"https:\/\/www.hashtag.al\/index.php\/wp-json\/wp\/v2\/tags?post=311010"}],"curies":[{"name":"wp","href":"https:\/\/api.w.org\/{rel}","templated":true}]}}