{"id":310970,"date":"2019-07-19T11:33:34","date_gmt":"2019-07-19T09:33:34","guid":{"rendered":"https:\/\/hashtag.al\/?p=310970"},"modified":"2019-07-19T13:54:10","modified_gmt":"2019-07-19T11:54:10","slug":"manovra-skandaloze-gjykata-e-durresit-rishqyrton-mandatin-e-kryebashkiakes-se-rrezuar","status":"publish","type":"post","link":"https:\/\/www.hashtag.al\/index.php\/2019\/07\/19\/manovra-skandaloze-gjykata-e-durresit-rishqyrton-mandatin-e-kryebashkiakes-se-rrezuar\/","title":{"rendered":"Manovra skandaloze &#8211; Gjykata e Durr\u00ebsit rishqyrton mandatin e kryebashkiakes s\u00eb rr\u00ebzuar","gt_translate_keys":[{"key":"rendered","format":"text"}]},"content":{"rendered":"<p><img loading=\"lazy\" decoding=\"async\" class=\"aligncenter size-full wp-image-310972\" src=\"https:\/\/hashtag.al\/wp-content\/uploads\/2019\/07\/valbonasako.jpg\" alt=\"\" width=\"1920\" height=\"1080\" srcset=\"https:\/\/www.hashtag.al\/wp-content\/uploads\/2019\/07\/valbonasako.jpg 1920w, https:\/\/www.hashtag.al\/wp-content\/uploads\/2019\/07\/valbonasako-300x169.jpg 300w, https:\/\/www.hashtag.al\/wp-content\/uploads\/2019\/07\/valbonasako-768x432.jpg 768w, https:\/\/www.hashtag.al\/wp-content\/uploads\/2019\/07\/valbonasako-1024x576.jpg 1024w\" sizes=\"auto, (max-width: 1920px) 100vw, 1920px\" \/><\/p>\n<p><span style=\"color: #000000;\">Partia Socialiste, me nj\u00eb manov\u00ebr antiligjore ka b\u00ebr\u00eb k\u00ebrkes\u00eb n\u00eb Gjykat\u00ebn e Durr\u00ebsit, p\u00ebr t\u00eb marr\u00eb mandatin e kryebashkiakes s\u00eb zgjedhur Valbona Sako.<\/span><\/p>\n<p><span style=\"color: #000000;\">Ky veprim vjen pas vendimit t\u00eb gjyqtares Mimoza Margjeka dy dit\u00eb m\u00eb par\u00eb. Gjykat\u00ebsja nuk i dha mandatin kandadites socialiste, pasi vler\u00ebsoi se zgjedhjet e 30 qershorit ishin t\u00eb paligjshme, pasi n\u00eb to kishte marr\u00eb pjes\u00eb partia Bindja Demokratike e regjistruar n\u00eb shkelje t\u00eb ligjit.<\/span><\/p>\n<p><span style=\"color: #000000;\">Partia Socialsite, n\u00eb vend q\u00eb t\u00eb apelonte vendimin e gjyqtares n\u00eb gjykat\u00ebn e Apelit, ka zgjedhur ta rishqyrtoj\u00eb \u00e7\u00ebshtjen n\u00eb nj\u00eb proces t\u00eb ri, me nj\u00eb gjykat\u00ebs t\u00eb ri, me shum\u00eb gjasa t\u00eb zgjedhur nga ata vet\u00eb.<\/span><\/p>\n<p><span style=\"color: #000000;\">Pa kaluar as 24 or\u00eb nga dor\u00ebzimi i padis\u00eb, Gjykata e Durr\u00ebsit po shqyrton n\u00eb k\u00ebto momente, padin\u00eb e PS-s\u00eb.<\/span><\/p>\n<p><img loading=\"lazy\" decoding=\"async\" class=\"aligncenter size-full wp-image-310971\" src=\"https:\/\/hashtag.al\/wp-content\/uploads\/2019\/07\/valbonasako2.jpg\" alt=\"\" width=\"768\" height=\"1024\" srcset=\"https:\/\/www.hashtag.al\/wp-content\/uploads\/2019\/07\/valbonasako2.jpg 768w, https:\/\/www.hashtag.al\/wp-content\/uploads\/2019\/07\/valbonasako2-225x300.jpg 225w\" sizes=\"auto, (max-width: 768px) 100vw, 768px\" \/><\/p>\n<p><span style=\"color: #000000;\">Kjo manov\u00ebr e PS-s\u00eb \u00ebsht\u00eb e paprecedent\u00eb sepse ligj\u00ebrisht dhe praktikisht mandati \u00ebsht\u00eb k\u00ebrkuar gjithnj\u00eb nga kandidati, dhe jo nga partia. M\u00eb k\u00ebt\u00eb veprim, Partia Socialiste po krijon drejt\u00ebsi private, duke i dh\u00ebn\u00eb fund shtetit t\u00eb s\u00eb drejt\u00ebs.<\/span><\/p>\n<p><span style=\"color: #000000;\">Gjykat\u00ebsi Shp\u00ebtim Reka certifikoi mandatin e Valbona Sakos.<\/span><\/p>\n<p><span style=\"color: #000000;\">Gjyqtari Shp\u00ebtim Reka dhe bashk\u00ebshortja e tij Flora Reka, prokurore n\u00eb Durr\u00ebs, njihen si nj\u00eb nga familjet m\u00eb t\u00eb pasura t\u00eb drejt\u00ebsis\u00eb shqiptare.<\/span><\/p>\n<p><span style=\"color: #000000;\"><strong><span style=\"color: #ff0000;\">VINI RE:<\/span><\/strong> Ky shkrim \u00ebsht\u00eb pron\u00ebsi intelektuale e <a href=\"https:\/\/exit.al\/2019\/07\/manovra-skandal-gjykata-e-durresit-rishqyrton-mandatin-e-kryebashkiakes-se-rrezuar\/\"><strong><span style=\"color: #0000ff;\">&#8220;Exit.al&#8221;<\/span><\/strong><\/a><\/span><\/p>\n<p>&nbsp;<\/p>\n<p>&nbsp;<\/p>\n","protected":false,"gt_translate_keys":[{"key":"rendered","format":"html"}]},"excerpt":{"rendered":"<p>Partia Socialiste, me nj\u00eb manov\u00ebr antiligjore ka b\u00ebr\u00eb k\u00ebrkes\u00eb n\u00eb Gjykat\u00ebn e Durr\u00ebsit, p\u00ebr t\u00eb marr\u00eb mandatin e kryebashkiakes s\u00eb zgjedhur Valbona Sako. Ky veprim vjen pas vendimit t\u00eb gjyqtares Mimoza Margjeka dy dit\u00eb m\u00eb par\u00eb. Gjykat\u00ebsja nuk i dha mandatin kandadites socialiste, pasi vler\u00ebsoi se zgjedhjet e 30 qershorit ishin t\u00eb paligjshme, pasi n\u00eb [&hellip;]<\/p>\n","protected":false,"gt_translate_keys":[{"key":"rendered","format":"html"}]},"author":6,"featured_media":310972,"comment_status":"open","ping_status":"open","sticky":false,"template":"","format":"standard","meta":{"footnotes":""},"categories":[22,65,13],"tags":[],"class_list":["post-310970","post","type-post","status-publish","format-standard","has-post-thumbnail","hentry","category-ballina","category-lajme","category-te-fundit"],"gt_translate_keys":[{"key":"link","format":"url"}],"_links":{"self":[{"href":"https:\/\/www.hashtag.al\/index.php\/wp-json\/wp\/v2\/posts\/310970","targetHints":{"allow":["GET"]}}],"collection":[{"href":"https:\/\/www.hashtag.al\/index.php\/wp-json\/wp\/v2\/posts"}],"about":[{"href":"https:\/\/www.hashtag.al\/index.php\/wp-json\/wp\/v2\/types\/post"}],"author":[{"embeddable":true,"href":"https:\/\/www.hashtag.al\/index.php\/wp-json\/wp\/v2\/users\/6"}],"replies":[{"embeddable":true,"href":"https:\/\/www.hashtag.al\/index.php\/wp-json\/wp\/v2\/comments?post=310970"}],"version-history":[{"count":0,"href":"https:\/\/www.hashtag.al\/index.php\/wp-json\/wp\/v2\/posts\/310970\/revisions"}],"wp:featuredmedia":[{"embeddable":true,"href":"https:\/\/www.hashtag.al\/index.php\/wp-json\/wp\/v2\/media\/310972"}],"wp:attachment":[{"href":"https:\/\/www.hashtag.al\/index.php\/wp-json\/wp\/v2\/media?parent=310970"}],"wp:term":[{"taxonomy":"category","embeddable":true,"href":"https:\/\/www.hashtag.al\/index.php\/wp-json\/wp\/v2\/categories?post=310970"},{"taxonomy":"post_tag","embeddable":true,"href":"https:\/\/www.hashtag.al\/index.php\/wp-json\/wp\/v2\/tags?post=310970"}],"curies":[{"name":"wp","href":"https:\/\/api.w.org\/{rel}","templated":true}]}}