{"id":310962,"date":"2019-07-19T10:37:21","date_gmt":"2019-07-19T08:37:21","guid":{"rendered":"https:\/\/hashtag.al\/?p=310962"},"modified":"2019-07-19T10:39:04","modified_gmt":"2019-07-19T08:39:04","slug":"kandidati-per-kryeprokuror-olsian-cela-ne-vetting","status":"publish","type":"post","link":"https:\/\/www.hashtag.al\/index.php\/2019\/07\/19\/kandidati-per-kryeprokuror-olsian-cela-ne-vetting\/","title":{"rendered":"Kandidati p\u00ebr kryeprokuror Olsian \u00c7ela n\u00eb vetting","gt_translate_keys":[{"key":"rendered","format":"text"}]},"content":{"rendered":"<p><img loading=\"lazy\" decoding=\"async\" class=\"aligncenter size-full wp-image-310963\" src=\"https:\/\/hashtag.al\/wp-content\/uploads\/2019\/07\/olsiancela.jpg\" alt=\"\" width=\"715\" height=\"780\" srcset=\"https:\/\/www.hashtag.al\/wp-content\/uploads\/2019\/07\/olsiancela.jpg 715w, https:\/\/www.hashtag.al\/wp-content\/uploads\/2019\/07\/olsiancela-275x300.jpg 275w\" sizes=\"auto, (max-width: 715px) 100vw, 715px\" \/><\/p>\n<p><span style=\"color: #000000;\">Kandidati p\u00ebr Prokuror t\u00eb P\u00ebrgjithsh\u00ebm Olsian \u00c7ela n\u00eb vetting. Sot ka nisur seanca d\u00ebgjimore dhe procesi i verifikimit nga KPK-ja t\u00eb pasuris\u00eb s\u00eb tij dhe figur\u00ebs profesionale.<\/span><\/p>\n<p><span style=\"color: #000000;\">Paraprakisht m\u00ebsohet se ILDKPI-ja ka deklaruar se \u00c7ela ka b\u00ebr\u00eb deklarim t\u00eb sakt\u00eb pasurie, duke dal\u00eb n\u00eb konkluzionin se nuk e ka fshehur pasurin\u00eb.\u00a0<\/span><\/p>\n<p><span style=\"color: #000000;\">Nga ana tjet\u00ebr KPK-ja mendon se prokurori \u00c7ela nuk \u00ebsht\u00eb n\u00eb situat\u00ebn e konfliktit t\u00eb interesit. Prokurori p\u00ebr Krime t\u00eb R\u00ebnda, sipas KPK-s\u00eb ka burime t\u00eb mjaftueshme financiare.<\/span><\/p>\n","protected":false,"gt_translate_keys":[{"key":"rendered","format":"html"}]},"excerpt":{"rendered":"<p>Kandidati p\u00ebr Prokuror t\u00eb P\u00ebrgjithsh\u00ebm Olsian \u00c7ela n\u00eb vetting. Sot ka nisur seanca d\u00ebgjimore dhe procesi i verifikimit nga KPK-ja t\u00eb pasuris\u00eb s\u00eb tij dhe figur\u00ebs profesionale. Paraprakisht m\u00ebsohet se ILDKPI-ja ka deklaruar se \u00c7ela ka b\u00ebr\u00eb deklarim t\u00eb sakt\u00eb pasurie, duke dal\u00eb n\u00eb konkluzionin se nuk e ka fshehur pasurin\u00eb.\u00a0 Nga ana tjet\u00ebr KPK-ja [&hellip;]<\/p>\n","protected":false,"gt_translate_keys":[{"key":"rendered","format":"html"}]},"author":6,"featured_media":310963,"comment_status":"open","ping_status":"open","sticky":false,"template":"","format":"standard","meta":{"footnotes":""},"categories":[65,13],"tags":[],"class_list":["post-310962","post","type-post","status-publish","format-standard","has-post-thumbnail","hentry","category-lajme","category-te-fundit"],"gt_translate_keys":[{"key":"link","format":"url"}],"_links":{"self":[{"href":"https:\/\/www.hashtag.al\/index.php\/wp-json\/wp\/v2\/posts\/310962","targetHints":{"allow":["GET"]}}],"collection":[{"href":"https:\/\/www.hashtag.al\/index.php\/wp-json\/wp\/v2\/posts"}],"about":[{"href":"https:\/\/www.hashtag.al\/index.php\/wp-json\/wp\/v2\/types\/post"}],"author":[{"embeddable":true,"href":"https:\/\/www.hashtag.al\/index.php\/wp-json\/wp\/v2\/users\/6"}],"replies":[{"embeddable":true,"href":"https:\/\/www.hashtag.al\/index.php\/wp-json\/wp\/v2\/comments?post=310962"}],"version-history":[{"count":0,"href":"https:\/\/www.hashtag.al\/index.php\/wp-json\/wp\/v2\/posts\/310962\/revisions"}],"wp:featuredmedia":[{"embeddable":true,"href":"https:\/\/www.hashtag.al\/index.php\/wp-json\/wp\/v2\/media\/310963"}],"wp:attachment":[{"href":"https:\/\/www.hashtag.al\/index.php\/wp-json\/wp\/v2\/media?parent=310962"}],"wp:term":[{"taxonomy":"category","embeddable":true,"href":"https:\/\/www.hashtag.al\/index.php\/wp-json\/wp\/v2\/categories?post=310962"},{"taxonomy":"post_tag","embeddable":true,"href":"https:\/\/www.hashtag.al\/index.php\/wp-json\/wp\/v2\/tags?post=310962"}],"curies":[{"name":"wp","href":"https:\/\/api.w.org\/{rel}","templated":true}]}}