{"id":310762,"date":"2019-07-17T19:23:10","date_gmt":"2019-07-17T17:23:10","guid":{"rendered":"https:\/\/hashtag.al\/?p=310762"},"modified":"2019-07-17T19:31:38","modified_gmt":"2019-07-17T17:31:38","slug":"ushtria-e-kosoves-dhe-shqiperia-e-madhe-rrezik-per-stabilitetin-e-ballkanit-ministri-serb","status":"publish","type":"post","link":"https:\/\/www.hashtag.al\/index.php\/2019\/07\/17\/ushtria-e-kosoves-dhe-shqiperia-e-madhe-rrezik-per-stabilitetin-e-ballkanit-ministri-serb\/","title":{"rendered":"&#8216;Ushtria e Kosov\u00ebs dhe Shqip\u00ebria e Madhe, rrezik p\u00ebr stabilitetin e Ballkanit&#8217; &#8211; Ministri serb","gt_translate_keys":[{"key":"rendered","format":"text"}]},"content":{"rendered":"<p><img loading=\"lazy\" decoding=\"async\" class=\"aligncenter size-full wp-image-310763\" src=\"https:\/\/hashtag.al\/wp-content\/uploads\/2019\/07\/Vulin17korrik.png\" alt=\"\" width=\"663\" height=\"441\" srcset=\"https:\/\/www.hashtag.al\/wp-content\/uploads\/2019\/07\/Vulin17korrik.png 663w, https:\/\/www.hashtag.al\/wp-content\/uploads\/2019\/07\/Vulin17korrik-300x200.png 300w\" sizes=\"auto, (max-width: 663px) 100vw, 663px\" \/><\/p>\n<p><span style=\"color: #000000;\">Ministri i Mbrojtjes i Serbis\u00eb, Vulin, ka th\u00ebn\u00eb se formimi i ushtris\u00eb s\u00eb Kosov\u00ebs dhe Shqip\u00ebria e Madhe jan\u00eb rreziku m\u00eb i madh p\u00ebr q\u00ebndrueshm\u00ebrin\u00eb e Ballkanit. <\/span><\/p>\n<p><span style=\"color: #000000;\">Gjat\u00eb nj\u00eb takimi n\u00eb Beograd me komandantin suprem t\u00eb Forcave Aleate t\u00eb NATO-s n\u00eb Evrop\u00eb, Tod Wolters, Vulin tha se k\u00ebrc\u00ebnimi m\u00eb i madh p\u00ebr sigurin\u00eb n\u00eb Ballkan \u00ebsht\u00eb formimi i ushtris\u00eb s\u00eb Kosov\u00ebs dhe \u2018p\u00ebrpjekjet p\u00ebr formimin e Shqip\u00ebris\u00eb s\u00eb madhe\u2019, ka th\u00ebn\u00eb Vulin, shkruan \u2018B92\u2019.<\/span><\/p>\n<p><span style=\"color: #000000;\">\u2018P\u00ebr Serbin\u00eb, KFOR-i (mision paqeruajt\u00ebs i NATO-s) \u00ebsht\u00eb i vetmi formacion i ligjsh\u00ebm i armatosur n\u00eb Kosov\u00eb dhe popullata serbe e sheh at\u00eb si garantuesin e vet\u00ebm t\u00eb siguris\u00eb. <\/span><\/p>\n<p><span style=\"color: #000000;\">P\u00ebr Serbin\u00eb \u00ebsht\u00eb shum\u00eb shqet\u00ebsuese kur zvog\u00eblohet kapaciteti ose roli i KFOR-it\u2019, ka deklaruar Vulin, shkruan Lajmi.net.<\/span><\/p>\n<p><span style=\"color: #000000;\">Si\u00e7 shkruan B92, \u00cbolters vler\u00ebsoi kontributin e Ministris\u00eb s\u00eb Mbrojtjes dhe t\u00eb Forcave t\u00eb Armatosura t\u00eb Serbis\u00eb n\u00eb operacionet shum\u00ebkomb\u00ebshe, n\u00ebn mandatin e Bashkimit Evropian dhe Kombeve t\u00eb Bashkuara.<\/span><\/p>\n","protected":false,"gt_translate_keys":[{"key":"rendered","format":"html"}]},"excerpt":{"rendered":"<p>Ministri i Mbrojtjes i Serbis\u00eb, Vulin, ka th\u00ebn\u00eb se formimi i ushtris\u00eb s\u00eb Kosov\u00ebs dhe Shqip\u00ebria e Madhe jan\u00eb rreziku m\u00eb i madh p\u00ebr q\u00ebndrueshm\u00ebrin\u00eb e Ballkanit. Gjat\u00eb nj\u00eb takimi n\u00eb Beograd me komandantin suprem t\u00eb Forcave Aleate t\u00eb NATO-s n\u00eb Evrop\u00eb, Tod Wolters, Vulin tha se k\u00ebrc\u00ebnimi m\u00eb i madh p\u00ebr sigurin\u00eb n\u00eb Ballkan [&hellip;]<\/p>\n","protected":false,"gt_translate_keys":[{"key":"rendered","format":"html"}]},"author":51,"featured_media":310763,"comment_status":"open","ping_status":"open","sticky":false,"template":"","format":"standard","meta":{"footnotes":""},"categories":[149,6],"tags":[],"class_list":["post-310762","post","type-post","status-publish","format-standard","has-post-thumbnail","hentry","category-kosoverajon","category-nderkombetare"],"gt_translate_keys":[{"key":"link","format":"url"}],"_links":{"self":[{"href":"https:\/\/www.hashtag.al\/index.php\/wp-json\/wp\/v2\/posts\/310762","targetHints":{"allow":["GET"]}}],"collection":[{"href":"https:\/\/www.hashtag.al\/index.php\/wp-json\/wp\/v2\/posts"}],"about":[{"href":"https:\/\/www.hashtag.al\/index.php\/wp-json\/wp\/v2\/types\/post"}],"author":[{"embeddable":true,"href":"https:\/\/www.hashtag.al\/index.php\/wp-json\/wp\/v2\/users\/51"}],"replies":[{"embeddable":true,"href":"https:\/\/www.hashtag.al\/index.php\/wp-json\/wp\/v2\/comments?post=310762"}],"version-history":[{"count":0,"href":"https:\/\/www.hashtag.al\/index.php\/wp-json\/wp\/v2\/posts\/310762\/revisions"}],"wp:featuredmedia":[{"embeddable":true,"href":"https:\/\/www.hashtag.al\/index.php\/wp-json\/wp\/v2\/media\/310763"}],"wp:attachment":[{"href":"https:\/\/www.hashtag.al\/index.php\/wp-json\/wp\/v2\/media?parent=310762"}],"wp:term":[{"taxonomy":"category","embeddable":true,"href":"https:\/\/www.hashtag.al\/index.php\/wp-json\/wp\/v2\/categories?post=310762"},{"taxonomy":"post_tag","embeddable":true,"href":"https:\/\/www.hashtag.al\/index.php\/wp-json\/wp\/v2\/tags?post=310762"}],"curies":[{"name":"wp","href":"https:\/\/api.w.org\/{rel}","templated":true}]}}