{"id":310713,"date":"2019-07-17T14:33:47","date_gmt":"2019-07-17T12:33:47","guid":{"rendered":"https:\/\/hashtag.al\/?p=310713"},"modified":"2019-07-17T14:43:21","modified_gmt":"2019-07-17T12:43:21","slug":"gjykata-e-durresit-si-jep-mandatin-e-kryebashkiakes-kandidates-se-ps-se","status":"publish","type":"post","link":"https:\/\/www.hashtag.al\/index.php\/2019\/07\/17\/gjykata-e-durresit-si-jep-mandatin-e-kryebashkiakes-kandidates-se-ps-se\/","title":{"rendered":"Gjykata e Durr\u00ebsit s\u2018i jep mandatin e kryebashkiakes kandidates s\u00eb PS-s\u00eb","gt_translate_keys":[{"key":"rendered","format":"text"}]},"content":{"rendered":"<p><img loading=\"lazy\" decoding=\"async\" class=\"aligncenter size-full wp-image-310714\" src=\"https:\/\/hashtag.al\/wp-content\/uploads\/2019\/07\/Valbona17korrik.jpg\" alt=\"\" width=\"720\" height=\"689\" \/><\/p>\n<p><span style=\"color: #000000;\">Gjykata e Shkall\u00ebs s\u00eb Par\u00eb t\u00eb Durr\u00ebsit i ka mohuar mandatin e kryebashkiakes s\u00eb Durr\u00ebsit, kandidates s\u00eb Partis\u00eb Socialiste, Valbona Sako. <\/span><\/p>\n<p><span style=\"color: #000000;\">Vendimi vjen rreth 3 jav\u00eb pas zgjedhjeve t\u00eb 30 qershorit. <\/span><\/p>\n<p><span style=\"color: #000000;\">N\u00eb argumentimin e gjykat\u00ebs theksohet se shkak p\u00ebr k\u00ebt\u00eb vendim \u00ebsht\u00eb b\u00ebr\u00eb regjistrimi n\u00eb zgjedhje jasht\u00eb afateve i partis\u00eb Bindja Demokratike, gj\u00eb q\u00eb e b\u00ebn nuk procesin zgjedhor.<\/span><\/p>\n<p><span style=\"color: #000000;\"><em>N\u00eb marrjen e vendimit theksohen 3 pika kryesore:<\/em><\/span><\/p>\n<ul>\n<li><span style=\"color: #000000;\">Vendimi p\u00ebr regjistrimin e \u201cBindjes Demokratike\u201d p\u00ebr zgjedhjet vendore<\/span><\/li>\n<li><span style=\"color: #000000;\">P\u00ebr miratimin e mbajtjes s\u00eb flet\u00ebs s\u00eb votimit<\/span><\/li>\n<li><span style=\"color: #000000;\">P\u00ebr nxjerrjen e rezultatit t\u00eb votimi<\/span><\/li>\n<\/ul>\n<p><span style=\"color: #000000;\"><strong>Vendimi<\/strong><\/span><\/p>\n<p><span style=\"color: #000000;\">Rr\u00ebzimin e k\u00ebrkes\u00ebs s\u00eb k\u00ebrkueses Valbona Sako p\u00ebr V\u00ebrtetimin e mandatit t\u00eb Kryetarit t\u00eb Bashkis\u00eb Durr\u00ebs.<\/span><\/p>\n<p><span style=\"color: #000000;\">Kund\u00ebr k\u00ebtij vendimi lejohet ankim n\u00eb Gjykat\u00ebn e Apelit Durr\u00ebs, brenda afatit ligjor 5 ditor, afat i cili fillon nga e nes\u00ebrmja e komunikimit t\u00eb k\u00ebtij vendimi t\u00eb arsyetuar.<\/span><\/p>\n<p><img loading=\"lazy\" decoding=\"async\" class=\"aligncenter size-full wp-image-310718\" src=\"https:\/\/hashtag.al\/wp-content\/uploads\/2019\/07\/66732699_10217250976380117_2998293824406552576_n.jpg\" alt=\"\" width=\"720\" height=\"960\" srcset=\"https:\/\/www.hashtag.al\/wp-content\/uploads\/2019\/07\/66732699_10217250976380117_2998293824406552576_n.jpg 720w, https:\/\/www.hashtag.al\/wp-content\/uploads\/2019\/07\/66732699_10217250976380117_2998293824406552576_n-225x300.jpg 225w\" sizes=\"auto, (max-width: 720px) 100vw, 720px\" \/><\/p>\n","protected":false,"gt_translate_keys":[{"key":"rendered","format":"html"}]},"excerpt":{"rendered":"<p>Gjykata e Shkall\u00ebs s\u00eb Par\u00eb t\u00eb Durr\u00ebsit i ka mohuar mandatin e kryebashkiakes s\u00eb Durr\u00ebsit, kandidates s\u00eb Partis\u00eb Socialiste, Valbona Sako. Vendimi vjen rreth 3 jav\u00eb pas zgjedhjeve t\u00eb 30 qershorit. N\u00eb argumentimin e gjykat\u00ebs theksohet se shkak p\u00ebr k\u00ebt\u00eb vendim \u00ebsht\u00eb b\u00ebr\u00eb regjistrimi n\u00eb zgjedhje jasht\u00eb afateve i partis\u00eb Bindja Demokratike, gj\u00eb q\u00eb e [&hellip;]<\/p>\n","protected":false,"gt_translate_keys":[{"key":"rendered","format":"html"}]},"author":51,"featured_media":310714,"comment_status":"open","ping_status":"open","sticky":false,"template":"","format":"standard","meta":{"footnotes":""},"categories":[65,13],"tags":[],"class_list":["post-310713","post","type-post","status-publish","format-standard","has-post-thumbnail","hentry","category-lajme","category-te-fundit"],"gt_translate_keys":[{"key":"link","format":"url"}],"_links":{"self":[{"href":"https:\/\/www.hashtag.al\/index.php\/wp-json\/wp\/v2\/posts\/310713","targetHints":{"allow":["GET"]}}],"collection":[{"href":"https:\/\/www.hashtag.al\/index.php\/wp-json\/wp\/v2\/posts"}],"about":[{"href":"https:\/\/www.hashtag.al\/index.php\/wp-json\/wp\/v2\/types\/post"}],"author":[{"embeddable":true,"href":"https:\/\/www.hashtag.al\/index.php\/wp-json\/wp\/v2\/users\/51"}],"replies":[{"embeddable":true,"href":"https:\/\/www.hashtag.al\/index.php\/wp-json\/wp\/v2\/comments?post=310713"}],"version-history":[{"count":0,"href":"https:\/\/www.hashtag.al\/index.php\/wp-json\/wp\/v2\/posts\/310713\/revisions"}],"wp:featuredmedia":[{"embeddable":true,"href":"https:\/\/www.hashtag.al\/index.php\/wp-json\/wp\/v2\/media\/310714"}],"wp:attachment":[{"href":"https:\/\/www.hashtag.al\/index.php\/wp-json\/wp\/v2\/media?parent=310713"}],"wp:term":[{"taxonomy":"category","embeddable":true,"href":"https:\/\/www.hashtag.al\/index.php\/wp-json\/wp\/v2\/categories?post=310713"},{"taxonomy":"post_tag","embeddable":true,"href":"https:\/\/www.hashtag.al\/index.php\/wp-json\/wp\/v2\/tags?post=310713"}],"curies":[{"name":"wp","href":"https:\/\/api.w.org\/{rel}","templated":true}]}}