{"id":310400,"date":"2019-07-15T22:35:03","date_gmt":"2019-07-15T20:35:03","guid":{"rendered":"https:\/\/hashtag.al\/?p=310400"},"modified":"2019-07-15T22:35:03","modified_gmt":"2019-07-15T20:35:03","slug":"permbytje-ne-pakistan-humbin-jeten-24-persona","status":"publish","type":"post","link":"https:\/\/www.hashtag.al\/index.php\/2019\/07\/15\/permbytje-ne-pakistan-humbin-jeten-24-persona\/","title":{"rendered":"P\u00ebrmbytje n\u00eb Pakistan, humbin jet\u00ebn 24 persona","gt_translate_keys":[{"key":"rendered","format":"text"}]},"content":{"rendered":"<p><img loading=\"lazy\" decoding=\"async\" class=\"aligncenter size-full wp-image-310401\" src=\"https:\/\/hashtag.al\/wp-content\/uploads\/2019\/07\/Pakistani-600x360.jpg\" alt=\"\" width=\"600\" height=\"360\" srcset=\"https:\/\/www.hashtag.al\/wp-content\/uploads\/2019\/07\/Pakistani-600x360.jpg 600w, https:\/\/www.hashtag.al\/wp-content\/uploads\/2019\/07\/Pakistani-600x360-300x180.jpg 300w\" sizes=\"auto, (max-width: 600px) 100vw, 600px\" \/><\/p>\n<p><span style=\"color: #000000;\">T\u00eb pakt\u00ebn 24 persona dyshohet se kan\u00eb vdekur p\u00ebr shkak t\u00eb v\u00ebrshimeve dhe rr\u00ebshqitjes s\u00eb dheut n\u00eb pjes\u00ebn pakistaneze t\u00eb Kashmirit. Lajmin e b\u00ebn\u00eb t\u00eb ditur zyrtar\u00ebt lokal\u00eb, t\u00eb cil\u00ebt than\u00eb se kjo gjendje u shkaktua nga reshjet e m\u00ebdha t\u00eb shiut.<\/span><\/p>\n<p><span style=\"color: #000000;\">\u201cS\u00eb paku 24 persona jan\u00eb marr\u00eb nga uji dhe jan\u00eb zhdukur. Nuk mund t\u2019i shpallim t\u00eb vdekur personat e zhdukur tash p\u00ebr tash, por ende nuk e kemi gjetur asnj\u00ebrin prej tyre\u201d, tha Saeedur Qureshi, zyrtar i Agjencis\u00eb p\u00ebr Menaxhimin e Emergjencave. Ai shtoi se pes\u00eb persona jan\u00eb l\u00ebnduar.<\/span><\/p>\n<p><span style=\"color: #000000;\">V\u00ebrshimet e godit\u00ebn qytez\u00ebn Leswa, e cila vizitohet nga shum\u00eb turist\u00eb. Qureshi tha q\u00eb m\u00eb shum\u00eb se 100 sht\u00ebpi jan\u00eb d\u00ebmtuar n\u00eb k\u00ebt\u00eb qytez\u00eb, nd\u00ebrsa nj\u00eb xhami \u00ebsht\u00eb rr\u00ebnuar t\u00ebr\u00ebsisht nga uji.<\/span><\/p>\n<p><span style=\"color: #000000;\">\u201cUshtria po i ofron ndihm\u00eb administrat\u00ebs lokale gjat\u00eb operacioneve p\u00ebr k\u00ebrkimin dhe shp\u00ebtimin e banor\u00ebve t\u00eb prekur nga v\u00ebrshimet\u201d, tha Saqib Mumtaz, z\u00ebdh\u00ebn\u00ebs i Agjencis\u00eb p\u00ebr Menaxhimin e Emergjencave, shkruan \u201cFree Europe\u201d.<\/span><\/p>\n","protected":false,"gt_translate_keys":[{"key":"rendered","format":"html"}]},"excerpt":{"rendered":"<p>T\u00eb pakt\u00ebn 24 persona dyshohet se kan\u00eb vdekur p\u00ebr shkak t\u00eb v\u00ebrshimeve dhe rr\u00ebshqitjes s\u00eb dheut n\u00eb pjes\u00ebn pakistaneze t\u00eb Kashmirit. Lajmin e b\u00ebn\u00eb t\u00eb ditur zyrtar\u00ebt lokal\u00eb, t\u00eb cil\u00ebt than\u00eb se kjo gjendje u shkaktua nga reshjet e m\u00ebdha t\u00eb shiut. \u201cS\u00eb paku 24 persona jan\u00eb marr\u00eb nga uji dhe jan\u00eb zhdukur. Nuk mund [&hellip;]<\/p>\n","protected":false,"gt_translate_keys":[{"key":"rendered","format":"html"}]},"author":32,"featured_media":310401,"comment_status":"open","ping_status":"open","sticky":false,"template":"","format":"standard","meta":{"footnotes":""},"categories":[6,13],"tags":[],"class_list":["post-310400","post","type-post","status-publish","format-standard","has-post-thumbnail","hentry","category-nderkombetare","category-te-fundit"],"gt_translate_keys":[{"key":"link","format":"url"}],"_links":{"self":[{"href":"https:\/\/www.hashtag.al\/index.php\/wp-json\/wp\/v2\/posts\/310400","targetHints":{"allow":["GET"]}}],"collection":[{"href":"https:\/\/www.hashtag.al\/index.php\/wp-json\/wp\/v2\/posts"}],"about":[{"href":"https:\/\/www.hashtag.al\/index.php\/wp-json\/wp\/v2\/types\/post"}],"author":[{"embeddable":true,"href":"https:\/\/www.hashtag.al\/index.php\/wp-json\/wp\/v2\/users\/32"}],"replies":[{"embeddable":true,"href":"https:\/\/www.hashtag.al\/index.php\/wp-json\/wp\/v2\/comments?post=310400"}],"version-history":[{"count":0,"href":"https:\/\/www.hashtag.al\/index.php\/wp-json\/wp\/v2\/posts\/310400\/revisions"}],"wp:featuredmedia":[{"embeddable":true,"href":"https:\/\/www.hashtag.al\/index.php\/wp-json\/wp\/v2\/media\/310401"}],"wp:attachment":[{"href":"https:\/\/www.hashtag.al\/index.php\/wp-json\/wp\/v2\/media?parent=310400"}],"wp:term":[{"taxonomy":"category","embeddable":true,"href":"https:\/\/www.hashtag.al\/index.php\/wp-json\/wp\/v2\/categories?post=310400"},{"taxonomy":"post_tag","embeddable":true,"href":"https:\/\/www.hashtag.al\/index.php\/wp-json\/wp\/v2\/tags?post=310400"}],"curies":[{"name":"wp","href":"https:\/\/api.w.org\/{rel}","templated":true}]}}