{"id":310214,"date":"2019-07-15T08:55:04","date_gmt":"2019-07-15T06:55:04","guid":{"rendered":"https:\/\/hashtag.al\/?p=310214"},"modified":"2019-07-15T13:46:11","modified_gmt":"2019-07-15T11:46:11","slug":"aksident-i-rende-prane-kakavijes-nje-femije-mes-5-te-plagosurve","status":"publish","type":"post","link":"https:\/\/www.hashtag.al\/index.php\/2019\/07\/15\/aksident-i-rende-prane-kakavijes-nje-femije-mes-5-te-plagosurve\/","title":{"rendered":"Aksident i r\u00ebnd\u00eb pran\u00eb Kakavij\u00ebs, nj\u00eb f\u00ebmij\u00eb mes 5 t\u00eb plagosurve","gt_translate_keys":[{"key":"rendered","format":"text"}]},"content":{"rendered":"<p><img loading=\"lazy\" decoding=\"async\" class=\"aligncenter size-full wp-image-308306\" src=\"https:\/\/hashtag.al\/wp-content\/uploads\/2019\/07\/aksident.jpg\" alt=\"\" width=\"889\" height=\"500\" srcset=\"https:\/\/www.hashtag.al\/wp-content\/uploads\/2019\/07\/aksident.jpg 889w, https:\/\/www.hashtag.al\/wp-content\/uploads\/2019\/07\/aksident-300x169.jpg 300w, https:\/\/www.hashtag.al\/wp-content\/uploads\/2019\/07\/aksident-768x432.jpg 768w\" sizes=\"auto, (max-width: 889px) 100vw, 889px\" \/><\/p>\n<p><span style=\"color: #000000;\">Nj\u00eb aksident i r\u00ebnd\u00eb ka ndodhur m\u00ebngjesin e sot\u00ebm n\u00eb aksin rrugor Gjirokast\u00ebr-Kakavij\u00eb. <\/span><\/p>\n<p><span style=\"color: #000000;\">M\u00ebsohet se dy automjete jan\u00eb p\u00ebrplasur, duke l\u00ebn\u00eb t\u00eb plagosur gjasht\u00eb persona n\u00eb af\u00ebrsi t\u00eb Dervi\u00e7anit.<\/span><\/p>\n<p><span style=\"color: #000000;\">Mes t\u00eb plagosurve \u00ebsht\u00eb edhe nj\u00eb f\u00ebmij\u00eb rreth mosh\u00ebs 4-5 vje\u00e7are. Pes\u00eb t\u00eb plagosurit jan\u00eb d\u00ebrguar me urgjenc\u00eb n\u00eb spital.<\/span><\/p>\n<p><span style=\"color: #000000;\">Vijon\u2026<\/span><\/p>\n","protected":false,"gt_translate_keys":[{"key":"rendered","format":"html"}]},"excerpt":{"rendered":"<p>Nj\u00eb aksident i r\u00ebnd\u00eb ka ndodhur m\u00ebngjesin e sot\u00ebm n\u00eb aksin rrugor Gjirokast\u00ebr-Kakavij\u00eb. M\u00ebsohet se dy automjete jan\u00eb p\u00ebrplasur, duke l\u00ebn\u00eb t\u00eb plagosur gjasht\u00eb persona n\u00eb af\u00ebrsi t\u00eb Dervi\u00e7anit. Mes t\u00eb plagosurve \u00ebsht\u00eb edhe nj\u00eb f\u00ebmij\u00eb rreth mosh\u00ebs 4-5 vje\u00e7are. Pes\u00eb t\u00eb plagosurit jan\u00eb d\u00ebrguar me urgjenc\u00eb n\u00eb spital. Vijon\u2026<\/p>\n","protected":false,"gt_translate_keys":[{"key":"rendered","format":"html"}]},"author":30,"featured_media":308306,"comment_status":"open","ping_status":"open","sticky":false,"template":"","format":"standard","meta":{"footnotes":""},"categories":[65,13],"tags":[],"class_list":["post-310214","post","type-post","status-publish","format-standard","has-post-thumbnail","hentry","category-lajme","category-te-fundit"],"gt_translate_keys":[{"key":"link","format":"url"}],"_links":{"self":[{"href":"https:\/\/www.hashtag.al\/index.php\/wp-json\/wp\/v2\/posts\/310214","targetHints":{"allow":["GET"]}}],"collection":[{"href":"https:\/\/www.hashtag.al\/index.php\/wp-json\/wp\/v2\/posts"}],"about":[{"href":"https:\/\/www.hashtag.al\/index.php\/wp-json\/wp\/v2\/types\/post"}],"author":[{"embeddable":true,"href":"https:\/\/www.hashtag.al\/index.php\/wp-json\/wp\/v2\/users\/30"}],"replies":[{"embeddable":true,"href":"https:\/\/www.hashtag.al\/index.php\/wp-json\/wp\/v2\/comments?post=310214"}],"version-history":[{"count":0,"href":"https:\/\/www.hashtag.al\/index.php\/wp-json\/wp\/v2\/posts\/310214\/revisions"}],"wp:featuredmedia":[{"embeddable":true,"href":"https:\/\/www.hashtag.al\/index.php\/wp-json\/wp\/v2\/media\/308306"}],"wp:attachment":[{"href":"https:\/\/www.hashtag.al\/index.php\/wp-json\/wp\/v2\/media?parent=310214"}],"wp:term":[{"taxonomy":"category","embeddable":true,"href":"https:\/\/www.hashtag.al\/index.php\/wp-json\/wp\/v2\/categories?post=310214"},{"taxonomy":"post_tag","embeddable":true,"href":"https:\/\/www.hashtag.al\/index.php\/wp-json\/wp\/v2\/tags?post=310214"}],"curies":[{"name":"wp","href":"https:\/\/api.w.org\/{rel}","templated":true}]}}