{"id":310055,"date":"2019-07-14T09:37:09","date_gmt":"2019-07-14T07:37:09","guid":{"rendered":"https:\/\/hashtag.al\/?p=310055"},"modified":"2019-07-14T09:37:09","modified_gmt":"2019-07-14T07:37:09","slug":"u-dogj-akademia-e-shkencave-per-kryetare","status":"publish","type":"post","link":"https:\/\/www.hashtag.al\/index.php\/2019\/07\/14\/u-dogj-akademia-e-shkencave-per-kryetare\/","title":{"rendered":"U dogj Akademia e Shkencave p\u00ebr kryetar\u00eb","gt_translate_keys":[{"key":"rendered","format":"text"}]},"content":{"rendered":"<p><span style=\"color: #000000;\"><strong>Nga Artan Fuga<img loading=\"lazy\" decoding=\"async\" class=\"alignright wp-image-299598 \" src=\"https:\/\/hashtag.al\/wp-content\/uploads\/2019\/05\/artanfugaoki.jpg\" alt=\"\" width=\"370\" height=\"370\" srcset=\"https:\/\/www.hashtag.al\/wp-content\/uploads\/2019\/05\/artanfugaoki.jpg 540w, https:\/\/www.hashtag.al\/wp-content\/uploads\/2019\/05\/artanfugaoki-150x150.jpg 150w, https:\/\/www.hashtag.al\/wp-content\/uploads\/2019\/05\/artanfugaoki-300x300.jpg 300w, https:\/\/www.hashtag.al\/wp-content\/uploads\/2019\/05\/artanfugaoki-120x120.jpg 120w\" sizes=\"auto, (max-width: 370px) 100vw, 370px\" \/><\/strong><\/span><\/p>\n<p><span style=\"color: #000000;\">Presidenti i Republik\u00ebs z. Ilir Meta, duke mos e njohur si t\u00eb ligjshme me dekretin e 12 korrikut 2019 zgjedhjen e kryetarit t\u00eb Akademis\u00eb s\u00eb Shkencave na jep ne akademik\u00ebve mund\u00ebsin\u00eb t\u00eb kthehemi n\u00eb shinat e respektimit t\u00eb ligjit!<\/span><\/p>\n<p><span style=\"color: #000000;\">Pa dyshim zgjedhjet atje, sikurse kam th\u00ebn\u00eb prej jav\u00ebsh, jan\u00eb krejt\u00ebsisht, qart\u00ebsisht, plot\u00ebsisht n\u00eb kund\u00ebrshtim me ligjin, pik\u00ebrisht me nenin 6\/1 t\u00eb tij ku krejt hapur dhe prer\u00eb theksohet se nj\u00eb kryetar partie jo kryetar i Akademis\u00eb s\u00eb Shkencave nuk mund t\u00eb zgjidhet, por as mund t\u00eb kandidoj\u00eb, madje as mund t\u00eb jet\u00eb an\u00ebtar i Akademis\u00eb s\u00eb Shkencave!<\/span><\/p>\n<p><span style=\"color: #000000;\">Theksoj se k\u00ebt\u00eb ligj n\u00eb fuqi nuk e ka b\u00ebr\u00eb zoti Ilir Meta, ai vet\u00ebm \u00ebsht\u00eb i detyruar ta zbatoj\u00eb sepse p\u00ebrndryshe i duhet t\u00eb japi ai llogari para ligjit, sikurse u duhet akademik\u00ebve t\u00eb japin llogari para ligjit p\u00ebr shkeljet e shumta dhe t\u00eb r\u00ebnda t\u00eb tij!<\/span><\/p>\n<p><span style=\"color: #000000;\">N\u00eb vend q\u00eb Akademia e Shkencave t\u00eb hartoj\u00eb nj\u00eb platform\u00eb reformimi t\u00eb saj, v\u00ebmendjen e ka kush do t\u00eb kapi postet drejtuese, t\u00eb nj\u00ebjt\u00ebt prej dekadash, me rroga t\u00eb majme dhe me mbipagesa, p\u00ebr nj\u00eb pun\u00eb krejt t\u00eb padobishme shoq\u00ebrisht.<\/span><\/p>\n<p><span style=\"color: #000000;\">N\u00eb vend t\u00eb hartoj\u00eb statutet dhe rregulloret e rinovimit t\u00eb funksionimit t\u00eb saj b\u00ebn zgjedhje arkaike dhe n\u00eb kund\u00ebrshtim me ligjet.<\/span><\/p>\n<p><span style=\"color: #000000;\">N\u00eb vend t&#8217;u hapi rrug\u00ebve profesor\u00ebve dhe akademik\u00ebve t\u00eb rinj p\u00ebr drejtimin e saj, mbetet te t\u00eb njejt\u00ebt njer\u00ebz, a thua se u dogj Shqip\u00ebria p\u00ebr studjues dhe k\u00ebrkues shkencor\u00eb me frym\u00eb t\u00eb re!<\/span><\/p>\n<p><span style=\"color: #000000;\">N\u00eb vend t\u00eb b\u00ebj\u00eb nj\u00eb reform\u00eb t\u00eb pastruar nga interesat egoiste personale, t\u00eb njet\u00ebt njer\u00ebz q\u00eb gjoja reformojn\u00eb rr\u00ebmbejn\u00eb edhe postet drejtues me rroga t\u00eb majme dhe pa kandidatura rivale, me zgjedhje moniste, dhe dikatoriale!<\/span><\/p>\n<p><span style=\"color: #000000;\">Njer\u00ebzit kan\u00eb ndruajtje t\u00eb kandidojn\u00eb!<\/span><\/p>\n<p><span style=\"color: #000000;\">N\u00eb vend t\u00eb demokratizojn\u00eb institucionin, t\u00eb njejt\u00ebt njer\u00ebz jan\u00eb edhe n\u00eb kryesi, edhe n\u00eb krye t\u00eb administrat\u00ebs, po ata b\u00ebjn\u00eb tendera, po ata jan\u00eb n\u00eb komisionin e botimeve, shpesh edhe autor\u00eb, po ata i kan\u00eb t\u00eb gjitha pushtetet.<\/span><\/p>\n<p><span style=\"color: #000000;\">Pse? E kupton njeri p\u00ebrse ndodh k\u00ebshtu?<\/span><\/p>\n<p><span style=\"color: #000000;\">Mblidhen t\u00eb shtun\u00ebn p\u00ebr t&#8217;u kund\u00ebrven\u00eb kompetencave t\u00eb Presidentit t\u00eb Republik\u00ebs, i paskan b\u00ebr\u00eb edhe presione me sms e me t\u00eb tjera atij, a thua se zgjedhja e kryetarit t\u00eb akademis\u00eb s\u00eb shkencave paska ndonj\u00eb r\u00ebnd\u00ebsi dhe axhale a thua se b\u00ebhet fjal\u00eb p\u00ebr kryetarin e OKB, a kryetarin e kryqit t\u00eb Kuq Nd\u00ebrkomb\u00ebtar, a p\u00ebr kryetarin e komisionit t\u00eb Bashkimit Europian! A thua u dogj Shqip\u00ebria p\u00ebr kryetar\u00eb akademie ku pak njer\u00ebz vijn\u00eb v\u00ebrdall\u00eb duke harxhuar paran\u00eb publike pa b\u00ebr\u00eb gj\u00eb, dhe p\u00ebrjashtuar akademik\u00ebt nga vendimarrja!!<\/span><\/p>\n<p><span style=\"color: #000000;\">N\u00eb vend t\u00eb reflektojm\u00eb se ku dhe sa kemi shkelur me t\u00eb dyja k\u00ebmb\u00ebt ligjet, me pasoja t\u00eb r\u00ebnda financiare dhe kemi abuzuar me paran\u00eb publike duke e keqadministruar at\u00eb, hidhemi p\u00ebrpjet\u00eb edhe kur zoti President na kthen n\u00eb rrug\u00ebn e ligjit dhe na jep mund\u00ebsi t\u00eb marrim frym\u00eb!<\/span><\/p>\n<p><span style=\"color: #000000;\">Se mos vet\u00ebm me zotin President dhe dekretin e tij ka probleme akademia e shkencave!!!<\/span><\/p>\n<p><span style=\"color: #000000;\">Prej koh\u00ebsh ajo p\u00ebrp\u00eblitet me at\u00eb q\u00eb qeveria e kryeministrit z. Edi Rama i ka k\u00ebrkuar rithemelim n\u00ebp\u00ebrmjet reformimit. Edhe me t\u00eb u zem\u00ebruan at\u00ebhere!<\/span><\/p>\n<p><span style=\"color: #000000;\">Edhe me Ministrin\u00eb e Arsimit u k\u00ebrlesh\u00ebn saq\u00eb u pajtuan q\u00eb projektligji t&#8217;i hiqej nga dora ekspert\u00ebve t\u00eb saj dhe t&#8217;u kalohej &#8220;miqve&#8221; politik\u00eb p\u00ebr t&#8217;a kaluar n\u00eb m\u00ebnyr\u00eb antikushtetuese n\u00eb Kuvend.<\/span><\/p>\n<p><span style=\"color: #000000;\">Para disadit\u00ebsh edhe qeveria u a p\u00ebrplasi n\u00eb fytyr\u00eb duke u th\u00ebn\u00eb se projektligji q\u00eb keni p\u00ebrgatitur \u00ebsht\u00eb i paligjsh\u00ebm!<\/span><\/p>\n<p><span style=\"color: #000000;\">Se mos vet\u00ebm me qeverin\u00eb dhe Presidentin! Shihni qendrimet e rektor\u00ebve n\u00eb komisionin e edukimit dhe medias sesi kritikojn\u00eb akademin\u00eb e shkencave sepse nuk \u00ebsht\u00eb fare n\u00eb udh\u00ebn e duhur!<\/span><\/p>\n<p><span style=\"color: #000000;\">Se mos vet\u00ebm rektor\u00ebt! Qendrimin e saj edhe kryetarja e komisionit t\u00eb Kuvendit p\u00ebr edukimin zonja Dhimitri e ka b\u00ebr\u00eb publik duke i quajtur zgjedhjet n\u00eb Akademin\u00eb e Shkencave t\u00eb paligjshme!<\/span><\/p>\n<p><span style=\"color: #000000;\">Se mos vet\u00ebm me pushtetin n\u00eb fuqi, edhe me opozit\u00ebn! A nuk deklaroi partia demokratike se votimet jan\u00eb t\u00eb paligjshme dhe se shkel\u00ebsit e ligjit i pret drejt\u00ebsia n\u00eb mos sot nes\u00ebr!!!<\/span><\/p>\n<p><span style=\"color: #000000;\">U v\u00ebrtetua me d\u00ebshmi t\u00eb plota n\u00eb komisionin e edukimit q\u00eb akademia e shkencave ka censuruar mendimin alternativ.<\/span><\/p>\n<p><span style=\"color: #000000;\">Dhe tani hidhen p\u00ebrpjet\u00eb dy a tri vet\u00eb q\u00eb e quajn\u00eb veten k\u00ebshill Ekzekutiv dhe dit\u00ebn e shtun\u00eb i k\u00ebrkojn\u00eb presidentit ta rikonsideroj\u00eb dekretin e tij!!!<\/span><\/p>\n<p><span style=\"color: #000000;\">Juridikisht qesharake!<\/span><\/p>\n<p><span style=\"color: #000000;\">Kushtetueshm\u00ebrisht qesharake!<\/span><\/p>\n<p><span style=\"color: #000000;\">Akademia e Shkencave \u00ebsht\u00eb marr\u00eb peng!<\/span><\/p>\n<p><span style=\"color: #000000;\">Por, dit\u00ebt n\u00eb vazhdim do ta rr\u00ebfejn\u00eb k\u00ebt\u00eb djegsh\u00ebm!<\/span><\/p>\n","protected":false,"gt_translate_keys":[{"key":"rendered","format":"html"}]},"excerpt":{"rendered":"<p>Nga Artan Fuga Presidenti i Republik\u00ebs z. Ilir Meta, duke mos e njohur si t\u00eb ligjshme me dekretin e 12 korrikut 2019 zgjedhjen e kryetarit t\u00eb Akademis\u00eb s\u00eb Shkencave na jep ne akademik\u00ebve mund\u00ebsin\u00eb t\u00eb kthehemi n\u00eb shinat e respektimit t\u00eb ligjit! Pa dyshim zgjedhjet atje, sikurse kam th\u00ebn\u00eb prej jav\u00ebsh, jan\u00eb krejt\u00ebsisht, qart\u00ebsisht, plot\u00ebsisht [&hellip;]<\/p>\n","protected":false,"gt_translate_keys":[{"key":"rendered","format":"html"}]},"author":6,"featured_media":299598,"comment_status":"open","ping_status":"open","sticky":false,"template":"","format":"standard","meta":{"footnotes":""},"categories":[20,65,13],"tags":[],"class_list":["post-310055","post","type-post","status-publish","format-standard","has-post-thumbnail","hentry","category-blog","category-lajme","category-te-fundit"],"gt_translate_keys":[{"key":"link","format":"url"}],"_links":{"self":[{"href":"https:\/\/www.hashtag.al\/index.php\/wp-json\/wp\/v2\/posts\/310055","targetHints":{"allow":["GET"]}}],"collection":[{"href":"https:\/\/www.hashtag.al\/index.php\/wp-json\/wp\/v2\/posts"}],"about":[{"href":"https:\/\/www.hashtag.al\/index.php\/wp-json\/wp\/v2\/types\/post"}],"author":[{"embeddable":true,"href":"https:\/\/www.hashtag.al\/index.php\/wp-json\/wp\/v2\/users\/6"}],"replies":[{"embeddable":true,"href":"https:\/\/www.hashtag.al\/index.php\/wp-json\/wp\/v2\/comments?post=310055"}],"version-history":[{"count":0,"href":"https:\/\/www.hashtag.al\/index.php\/wp-json\/wp\/v2\/posts\/310055\/revisions"}],"wp:featuredmedia":[{"embeddable":true,"href":"https:\/\/www.hashtag.al\/index.php\/wp-json\/wp\/v2\/media\/299598"}],"wp:attachment":[{"href":"https:\/\/www.hashtag.al\/index.php\/wp-json\/wp\/v2\/media?parent=310055"}],"wp:term":[{"taxonomy":"category","embeddable":true,"href":"https:\/\/www.hashtag.al\/index.php\/wp-json\/wp\/v2\/categories?post=310055"},{"taxonomy":"post_tag","embeddable":true,"href":"https:\/\/www.hashtag.al\/index.php\/wp-json\/wp\/v2\/tags?post=310055"}],"curies":[{"name":"wp","href":"https:\/\/api.w.org\/{rel}","templated":true}]}}