{"id":309995,"date":"2019-07-13T18:33:51","date_gmt":"2019-07-13T16:33:51","guid":{"rendered":"https:\/\/hashtag.al\/?p=309995"},"modified":"2019-07-13T18:33:51","modified_gmt":"2019-07-13T16:33:51","slug":"konflikt-per-shkak-te-prones-62-vjecari-godet-me-sepate-komshiun-ne-vore","status":"publish","type":"post","link":"https:\/\/www.hashtag.al\/index.php\/2019\/07\/13\/konflikt-per-shkak-te-prones-62-vjecari-godet-me-sepate-komshiun-ne-vore\/","title":{"rendered":"Konflikt p\u00ebr shkak t\u00eb pron\u00ebs, 62-vje\u00e7ari godet me s\u00ebpat\u00eb komshiun n\u00eb Vor\u00eb","gt_translate_keys":[{"key":"rendered","format":"text"}]},"content":{"rendered":"<p><img loading=\"lazy\" decoding=\"async\" class=\"aligncenter size-full wp-image-254443\" src=\"https:\/\/hashtag.al\/wp-content\/uploads\/2018\/11\/arrestime-2.jpg\" alt=\"\" width=\"850\" height=\"636\" srcset=\"https:\/\/www.hashtag.al\/wp-content\/uploads\/2018\/11\/arrestime-2.jpg 850w, https:\/\/www.hashtag.al\/wp-content\/uploads\/2018\/11\/arrestime-2-300x224.jpg 300w, https:\/\/www.hashtag.al\/wp-content\/uploads\/2018\/11\/arrestime-2-768x575.jpg 768w\" sizes=\"auto, (max-width: 850px) 100vw, 850px\" \/><\/p>\n<p><span style=\"color: #000000;\">Nj\u00eb 62-vje\u00e7ar \u00ebsht\u00eb ndaluar nga policia pasi ka plagosur me mjet prer\u00ebs nj\u00eb 46-vje\u00e7ar pas konfliktit p\u00ebr pron\u00ebsi.<\/span><\/p>\n<p><span style=\"color: #000000;\">Ngjarja ka ndodhur n\u00eb Domje t\u00eb Vor\u00ebs ku shtetasi me iniciale I.T p\u00ebr shkak t\u00eb konfliktit t\u00eb pron\u00ebsis\u00eb me komshiun e tij me iniciale B.A e ka goditur me s\u00ebpat\u00eb.<\/span><\/p>\n<p><span style=\"color: #000000;\"><strong>Njoftimi i policis\u00eb:<\/strong><\/span><\/p>\n<p><span style=\"color: #000000;\">Policia parandalon p\u00ebrshkall\u00ebzimin e m\u00ebtejsh\u00ebm t\u00eb nj\u00eb konflikti p\u00ebr motive pron\u00ebsie. Plagosi me mjet prer\u00ebs 46-vje\u00e7arin, arrestohet n\u00eb flagranc\u00eb autori<\/span><\/p>\n<p><span style=\"color: #000000;\">Sh\u00ebrbimet e Komisariatit t\u00eb Policis\u00eb Vor\u00eb, pas marrjes s\u00eb njoftimit p\u00ebr nj\u00eb konflikt pron\u00ebsie mes dy shtetasve n\u00eb fshatin Domje, ku nj\u00ebri prej tyre kishte p\u00ebrdor mjet prer\u00ebs sopat\u00eb, menj\u00ebher\u00eb kan\u00eb shkuar n\u00eb vendngjarje duke parandaluar p\u00ebrshkall\u00ebzimin e m\u00ebtejsh\u00ebm t\u00eb konfliktit.<\/span><\/p>\n<p><span style=\"color: #000000;\">Nga veprimet e para hetimore rezultoi se shtetasi I.T, gjat\u00eb nj\u00eb konflikti p\u00ebr motive pron\u00ebsie me komshiun e tij shtetasin B.A, n\u00eb kushte t\u00eb r\u00ebnduara psikike e ka goditur me sopat\u00eb.<\/span><\/p>\n<p><span style=\"color: #000000;\">Shtetasi B.A, ndodhet n\u00eb spital jasht\u00eb rrezikut p\u00ebr jet\u00ebn<\/span><\/p>\n<p><span style=\"color: #000000;\">N\u00eb p\u00ebrfundim t\u00eb veprimeve, Specialist\u00ebt e Seksionit p\u00ebr Hetimin e Krimit n\u00eb Komisariatin e Policis\u00eb Vor\u00eb, arrestuan n\u00eb flagranc\u00eb shtetasin: I. T., 62 vje\u00e7, banues n\u00eb Domje, p\u00ebr vepr\u00ebn penale \u201cPlagosja e r\u00ebnd\u00eb n\u00eb gjendje t\u00eb tronditjes s\u00eb fort\u00eb psikike\u201d.<\/span><\/p>\n<p><span style=\"color: #000000;\">Materialet i kaluan Prokuroris\u00eb p\u00ebr veprime t\u00eb m\u00ebtejshme.<\/span><\/p>\n","protected":false,"gt_translate_keys":[{"key":"rendered","format":"html"}]},"excerpt":{"rendered":"<p>Nj\u00eb 62-vje\u00e7ar \u00ebsht\u00eb ndaluar nga policia pasi ka plagosur me mjet prer\u00ebs nj\u00eb 46-vje\u00e7ar pas konfliktit p\u00ebr pron\u00ebsi. Ngjarja ka ndodhur n\u00eb Domje t\u00eb Vor\u00ebs ku shtetasi me iniciale I.T p\u00ebr shkak t\u00eb konfliktit t\u00eb pron\u00ebsis\u00eb me komshiun e tij me iniciale B.A e ka goditur me s\u00ebpat\u00eb. Njoftimi i policis\u00eb: Policia parandalon p\u00ebrshkall\u00ebzimin e [&hellip;]<\/p>\n","protected":false,"gt_translate_keys":[{"key":"rendered","format":"html"}]},"author":32,"featured_media":152621,"comment_status":"open","ping_status":"open","sticky":false,"template":"","format":"standard","meta":{"footnotes":""},"categories":[65,13],"tags":[],"class_list":["post-309995","post","type-post","status-publish","format-standard","has-post-thumbnail","hentry","category-lajme","category-te-fundit"],"gt_translate_keys":[{"key":"link","format":"url"}],"_links":{"self":[{"href":"https:\/\/www.hashtag.al\/index.php\/wp-json\/wp\/v2\/posts\/309995","targetHints":{"allow":["GET"]}}],"collection":[{"href":"https:\/\/www.hashtag.al\/index.php\/wp-json\/wp\/v2\/posts"}],"about":[{"href":"https:\/\/www.hashtag.al\/index.php\/wp-json\/wp\/v2\/types\/post"}],"author":[{"embeddable":true,"href":"https:\/\/www.hashtag.al\/index.php\/wp-json\/wp\/v2\/users\/32"}],"replies":[{"embeddable":true,"href":"https:\/\/www.hashtag.al\/index.php\/wp-json\/wp\/v2\/comments?post=309995"}],"version-history":[{"count":0,"href":"https:\/\/www.hashtag.al\/index.php\/wp-json\/wp\/v2\/posts\/309995\/revisions"}],"wp:featuredmedia":[{"embeddable":true,"href":"https:\/\/www.hashtag.al\/index.php\/wp-json\/"}],"wp:attachment":[{"href":"https:\/\/www.hashtag.al\/index.php\/wp-json\/wp\/v2\/media?parent=309995"}],"wp:term":[{"taxonomy":"category","embeddable":true,"href":"https:\/\/www.hashtag.al\/index.php\/wp-json\/wp\/v2\/categories?post=309995"},{"taxonomy":"post_tag","embeddable":true,"href":"https:\/\/www.hashtag.al\/index.php\/wp-json\/wp\/v2\/tags?post=309995"}],"curies":[{"name":"wp","href":"https:\/\/api.w.org\/{rel}","templated":true}]}}