{"id":309409,"date":"2019-07-10T21:15:02","date_gmt":"2019-07-10T19:15:02","guid":{"rendered":"https:\/\/hashtag.al\/?p=309409"},"modified":"2019-07-10T21:15:02","modified_gmt":"2019-07-10T19:15:02","slug":"basha-nga-fieri-protestat-jane-pro-evropiane-kerkojme-ndryshimin-e-vertete","status":"publish","type":"post","link":"https:\/\/www.hashtag.al\/index.php\/2019\/07\/10\/basha-nga-fieri-protestat-jane-pro-evropiane-kerkojme-ndryshimin-e-vertete\/","title":{"rendered":"Basha nga Fieri: Protestat jan\u00eb pro-evropiane, k\u00ebrkojm\u00eb ndryshimin e v\u00ebrtet\u00eb","gt_translate_keys":[{"key":"rendered","format":"text"}]},"content":{"rendered":"<p><img loading=\"lazy\" decoding=\"async\" class=\"aligncenter size-full wp-image-309410\" src=\"https:\/\/hashtag.al\/wp-content\/uploads\/2019\/07\/66838579_10157326736924909_2301087784632320000_n_copy.jpg\" alt=\"\" width=\"960\" height=\"755\" srcset=\"https:\/\/www.hashtag.al\/wp-content\/uploads\/2019\/07\/66838579_10157326736924909_2301087784632320000_n_copy.jpg 960w, https:\/\/www.hashtag.al\/wp-content\/uploads\/2019\/07\/66838579_10157326736924909_2301087784632320000_n_copy-300x236.jpg 300w, https:\/\/www.hashtag.al\/wp-content\/uploads\/2019\/07\/66838579_10157326736924909_2301087784632320000_n_copy-768x604.jpg 768w\" sizes=\"auto, (max-width: 960px) 100vw, 960px\" \/><\/p>\n<p><span style=\"color: #000000;\">Kryetari i Partis\u00eb Demokratike, Lulzim Basha, ka mbajtur nj\u00eb takim informal me strukturat e Partis\u00eb Demokratike n\u00eb Fier, ku diskutuan p\u00ebr zhvillimet politike.<\/span><\/p>\n<p><span style=\"color: #000000;\">Gjat\u00eb takimit Basha huazoi nga mediat bot\u00ebrore togfjal\u00ebshin \u2018protestues proeuropian\u00eb\u2019, q\u00eb ata po e p\u00ebrdorin s\u00eb fundmi p\u00ebr mb\u00ebshtet\u00ebsit e opozit\u00ebs, n\u00eb m\u00ebnyr\u00eb qe t\u00eb tregoj\u00eb ndryshimin me Edi Ram\u00ebn.<\/span><\/p>\n<p><span style=\"color: #000000;\">\u201c<em>Protestat tona jan\u00eb europiane dhe p\u00ebr Shqip\u00ebrin\u00eb si gjith\u00eb Europa. Edhe mediat nd\u00ebrkomb\u00ebtare, s\u00eb fundmi, na u drejtuan si protestuesit pro-europian\u00eb. Merit\u00eb t\u00eb jasht\u00ebzakonshme p\u00ebr k\u00ebt\u00eb ka bashkimi i qytetar\u00ebve, q\u00eb ka ngjallur shpres\u00ebn p\u00ebr ndryshim<\/em>\u201d-tha Basha<\/span><\/p>\n<p><span style=\"color: #000000;\">Duke v\u00ebn\u00eb dukje gjendjen shum\u00eb t\u00eb v\u00ebshtir\u00eb ekonomike t\u00eb qytetar\u00ebve t\u00eb zakonsh\u00ebm, lideri i opozit\u00ebs tha n\u00eb Fier se PD duhet t\u2019i dal\u00eb p\u00ebr zot vendit, t\u00eb rris\u00eb mb\u00ebshtetjen e saj tek ai 85 p\u00ebrqind\u00ebsh q\u00eb refuzuan regjimin e Edi Ram\u00ebs, duke treguar se PD, nj\u00ebsoj si ata, k\u00ebrkon ndryshimin e v\u00ebrtet\u00eb.<\/span><\/p>\n<p><span style=\"color: #000000;\">\u201c<em>Kjo nuk \u00ebsht\u00eb nj\u00eb betej\u00eb p\u00ebr pushtet personal. Nuk jemi n\u00eb betej\u00eb p\u00ebr karriget tona, por p\u00ebr t\u00eb mbrojtur interesin publik, p\u00ebr ndryshimin rr\u00ebnj\u00ebsor t\u00eb sistemit, q\u00eb e keqja q\u00eb solli Edi Rama, t\u00eb mos p\u00ebrs\u00ebritet m\u00eb kurr\u00eb<\/em>\u201d-deklaroi Basha.<\/span><\/p>\n<p>&nbsp;<\/p>\n","protected":false,"gt_translate_keys":[{"key":"rendered","format":"html"}]},"excerpt":{"rendered":"<p>Kryetari i Partis\u00eb Demokratike, Lulzim Basha, ka mbajtur nj\u00eb takim informal me strukturat e Partis\u00eb Demokratike n\u00eb Fier, ku diskutuan p\u00ebr zhvillimet politike. Gjat\u00eb takimit Basha huazoi nga mediat bot\u00ebrore togfjal\u00ebshin \u2018protestues proeuropian\u00eb\u2019, q\u00eb ata po e p\u00ebrdorin s\u00eb fundmi p\u00ebr mb\u00ebshtet\u00ebsit e opozit\u00ebs, n\u00eb m\u00ebnyr\u00eb qe t\u00eb tregoj\u00eb ndryshimin me Edi Ram\u00ebn. \u201cProtestat tona [&hellip;]<\/p>\n","protected":false,"gt_translate_keys":[{"key":"rendered","format":"html"}]},"author":32,"featured_media":309410,"comment_status":"open","ping_status":"open","sticky":false,"template":"","format":"standard","meta":{"footnotes":""},"categories":[65,13],"tags":[],"class_list":["post-309409","post","type-post","status-publish","format-standard","has-post-thumbnail","hentry","category-lajme","category-te-fundit"],"gt_translate_keys":[{"key":"link","format":"url"}],"_links":{"self":[{"href":"https:\/\/www.hashtag.al\/index.php\/wp-json\/wp\/v2\/posts\/309409","targetHints":{"allow":["GET"]}}],"collection":[{"href":"https:\/\/www.hashtag.al\/index.php\/wp-json\/wp\/v2\/posts"}],"about":[{"href":"https:\/\/www.hashtag.al\/index.php\/wp-json\/wp\/v2\/types\/post"}],"author":[{"embeddable":true,"href":"https:\/\/www.hashtag.al\/index.php\/wp-json\/wp\/v2\/users\/32"}],"replies":[{"embeddable":true,"href":"https:\/\/www.hashtag.al\/index.php\/wp-json\/wp\/v2\/comments?post=309409"}],"version-history":[{"count":0,"href":"https:\/\/www.hashtag.al\/index.php\/wp-json\/wp\/v2\/posts\/309409\/revisions"}],"wp:featuredmedia":[{"embeddable":true,"href":"https:\/\/www.hashtag.al\/index.php\/wp-json\/wp\/v2\/media\/309410"}],"wp:attachment":[{"href":"https:\/\/www.hashtag.al\/index.php\/wp-json\/wp\/v2\/media?parent=309409"}],"wp:term":[{"taxonomy":"category","embeddable":true,"href":"https:\/\/www.hashtag.al\/index.php\/wp-json\/wp\/v2\/categories?post=309409"},{"taxonomy":"post_tag","embeddable":true,"href":"https:\/\/www.hashtag.al\/index.php\/wp-json\/wp\/v2\/tags?post=309409"}],"curies":[{"name":"wp","href":"https:\/\/api.w.org\/{rel}","templated":true}]}}