{"id":309305,"date":"2019-07-10T11:24:08","date_gmt":"2019-07-10T09:24:08","guid":{"rendered":"https:\/\/hashtag.al\/?p=309305"},"modified":"2019-07-10T11:25:55","modified_gmt":"2019-07-10T09:25:55","slug":"ish-kryenegociatorja-mogherini-iu-fut-aventurave-qe-mund-te-sillnin-lufte-ne-ballkan","status":"publish","type":"post","link":"https:\/\/www.hashtag.al\/index.php\/2019\/07\/10\/ish-kryenegociatorja-mogherini-iu-fut-aventurave-qe-mund-te-sillnin-lufte-ne-ballkan\/","title":{"rendered":"Ish-kryenegociatorja: Mogherini iu fut aventurave q\u00eb mund t\u00eb sillnin luft\u00eb n\u00eb Ballkan","gt_translate_keys":[{"key":"rendered","format":"text"}]},"content":{"rendered":"<p><img loading=\"lazy\" decoding=\"async\" class=\"aligncenter size-full wp-image-309306\" src=\"https:\/\/hashtag.al\/wp-content\/uploads\/2019\/07\/Tahiri-Mogherini.jpg\" alt=\"\" width=\"2000\" height=\"869\" srcset=\"https:\/\/www.hashtag.al\/wp-content\/uploads\/2019\/07\/Tahiri-Mogherini.jpg 2000w, https:\/\/www.hashtag.al\/wp-content\/uploads\/2019\/07\/Tahiri-Mogherini-300x130.jpg 300w, https:\/\/www.hashtag.al\/wp-content\/uploads\/2019\/07\/Tahiri-Mogherini-768x334.jpg 768w, https:\/\/www.hashtag.al\/wp-content\/uploads\/2019\/07\/Tahiri-Mogherini-1024x445.jpg 1024w\" sizes=\"auto, (max-width: 2000px) 100vw, 2000px\" \/><\/p>\n<p><span style=\"color: #000000;\">Ish-kryenegociatorja e Kosov\u00ebs p\u00ebr bisedimet me Serbin\u00eb, Edita Tahiri, ka akuzuar p\u00ebrfaq\u00ebsuesen e Lart\u00eb t\u00eb BE-s\u00eb Federica Mogherini, se vitin e fundit i \u00ebsht\u00eb futur disa aventurave q\u00eb mund t\u00eb sillnin Luft\u00eb n\u00eb Ballkan.<\/span><\/p>\n<p><span style=\"color: #000000;\">K\u00ebt\u00eb deklarat\u00eb Tahiri e ka b\u00ebr\u00eb p\u00ebr gazet\u00ebn \u201c<span style=\"color: #0000ff;\"><a style=\"color: #0000ff;\" href=\"https:\/\/zeri.info\/aktuale\/272938\/tahiri-mogherini-e-nisi-mire-e-perfundoi-keq\/\">Z\u00ebri<\/a><\/span>\u201d. Edita Tahiri tha se deri para nj\u00eb viti Mogherini ka mbrojtur parimet evropiane n\u00eb Ballkan, por t\u00eb nj\u00ebjtat parime i ka shkelur s\u00eb fundmi.<\/span><\/p>\n<p><span style=\"color: #000000;\"><em>\u00a0\u201cNga p\u00ebrvoja ime q\u00eb kam pasur me zonj\u00ebn Mogherini, deri para nj\u00eb viti ajo ka qen\u00eb n\u00eb mbrojtje t\u00eb parimeve evropiane n\u00eb Ballkan e t\u00eb cilat kan\u00eb qen\u00eb q\u00eb gjasht\u00eb vendet e Ballkanit, duke p\u00ebrfshir\u00eb edhe Kosov\u00ebn, t\u00eb b\u00ebhen an\u00ebtare t\u00eb BE-s\u00eb. Mir\u00ebpo se \u00e7far\u00eb ndodhi n\u00eb vitin e fundit dhe pse ajo shkeli parimet evropiane e doli n\u00eb disa aventura, t\u00eb cilat do t\u00eb mund\u00eb t\u00eb sillnin luft\u00eb n\u00eb Ballkan, k\u00ebt\u00eb nuk e di\u201d,<\/em> thot\u00eb Tahiri.<\/span><\/p>\n<p><span style=\"color: #000000;\">Vendin e Mogherinit pritet ta z\u00ebr\u00eb kryediplomati spanjoll Josep Borrell.<\/span><\/p>\n","protected":false,"gt_translate_keys":[{"key":"rendered","format":"html"}]},"excerpt":{"rendered":"<p>Ish-kryenegociatorja e Kosov\u00ebs p\u00ebr bisedimet me Serbin\u00eb, Edita Tahiri, ka akuzuar p\u00ebrfaq\u00ebsuesen e Lart\u00eb t\u00eb BE-s\u00eb Federica Mogherini, se vitin e fundit i \u00ebsht\u00eb futur disa aventurave q\u00eb mund t\u00eb sillnin Luft\u00eb n\u00eb Ballkan. K\u00ebt\u00eb deklarat\u00eb Tahiri e ka b\u00ebr\u00eb p\u00ebr gazet\u00ebn \u201cZ\u00ebri\u201d. Edita Tahiri tha se deri para nj\u00eb viti Mogherini ka mbrojtur parimet [&hellip;]<\/p>\n","protected":false,"gt_translate_keys":[{"key":"rendered","format":"html"}]},"author":30,"featured_media":309306,"comment_status":"open","ping_status":"open","sticky":false,"template":"","format":"standard","meta":{"footnotes":""},"categories":[65,13],"tags":[],"class_list":["post-309305","post","type-post","status-publish","format-standard","has-post-thumbnail","hentry","category-lajme","category-te-fundit"],"gt_translate_keys":[{"key":"link","format":"url"}],"_links":{"self":[{"href":"https:\/\/www.hashtag.al\/index.php\/wp-json\/wp\/v2\/posts\/309305","targetHints":{"allow":["GET"]}}],"collection":[{"href":"https:\/\/www.hashtag.al\/index.php\/wp-json\/wp\/v2\/posts"}],"about":[{"href":"https:\/\/www.hashtag.al\/index.php\/wp-json\/wp\/v2\/types\/post"}],"author":[{"embeddable":true,"href":"https:\/\/www.hashtag.al\/index.php\/wp-json\/wp\/v2\/users\/30"}],"replies":[{"embeddable":true,"href":"https:\/\/www.hashtag.al\/index.php\/wp-json\/wp\/v2\/comments?post=309305"}],"version-history":[{"count":0,"href":"https:\/\/www.hashtag.al\/index.php\/wp-json\/wp\/v2\/posts\/309305\/revisions"}],"wp:featuredmedia":[{"embeddable":true,"href":"https:\/\/www.hashtag.al\/index.php\/wp-json\/wp\/v2\/media\/309306"}],"wp:attachment":[{"href":"https:\/\/www.hashtag.al\/index.php\/wp-json\/wp\/v2\/media?parent=309305"}],"wp:term":[{"taxonomy":"category","embeddable":true,"href":"https:\/\/www.hashtag.al\/index.php\/wp-json\/wp\/v2\/categories?post=309305"},{"taxonomy":"post_tag","embeddable":true,"href":"https:\/\/www.hashtag.al\/index.php\/wp-json\/wp\/v2\/tags?post=309305"}],"curies":[{"name":"wp","href":"https:\/\/api.w.org\/{rel}","templated":true}]}}