{"id":308996,"date":"2019-07-08T23:56:12","date_gmt":"2019-07-08T21:56:12","guid":{"rendered":"https:\/\/hashtag.al\/?p=308996"},"modified":"2019-07-08T23:56:12","modified_gmt":"2019-07-08T21:56:12","slug":"shqiperia-dhe-kosova-me-ambasada-te-perbashketa-reagon-ministria-e-jashtme-ruse-levizje-provokuese","status":"publish","type":"post","link":"https:\/\/www.hashtag.al\/index.php\/2019\/07\/08\/shqiperia-dhe-kosova-me-ambasada-te-perbashketa-reagon-ministria-e-jashtme-ruse-levizje-provokuese\/","title":{"rendered":"Shqip\u00ebria dhe Kosova me ambasada t\u00eb p\u00ebrbashk\u00ebta, reagon Ministria e Jashtme Ruse: L\u00ebvizje provokuese","gt_translate_keys":[{"key":"rendered","format":"text"}]},"content":{"rendered":"<p><img loading=\"lazy\" decoding=\"async\" class=\"aligncenter size-full wp-image-308997\" src=\"https:\/\/hashtag.al\/wp-content\/uploads\/2019\/07\/lavrorv-pacolli.caka_.jpg\" alt=\"\" width=\"2000\" height=\"1000\" srcset=\"https:\/\/www.hashtag.al\/wp-content\/uploads\/2019\/07\/lavrorv-pacolli.caka_.jpg 2000w, https:\/\/www.hashtag.al\/wp-content\/uploads\/2019\/07\/lavrorv-pacolli.caka_-300x150.jpg 300w, https:\/\/www.hashtag.al\/wp-content\/uploads\/2019\/07\/lavrorv-pacolli.caka_-768x384.jpg 768w, https:\/\/www.hashtag.al\/wp-content\/uploads\/2019\/07\/lavrorv-pacolli.caka_-1024x512.jpg 1024w\" sizes=\"auto, (max-width: 2000px) 100vw, 2000px\" \/><\/p>\n<p><span style=\"color: #000000;\">Ministria e Jashtme Ruse ka reaguar p\u00ebr marr\u00ebveshjen m\u00eb t\u00eb fundit mes Shqip\u00ebris\u00eb dhe Kosov\u00ebs p\u00ebr t\u00eb pasur ambasada t\u00eb p\u00ebrbashk\u00ebta, duke e konsideruar nj\u00eb l\u00ebvizje provokuese.<\/span><\/p>\n<p><span style=\"color: #000000;\"><em>\u201cHapa provokues nga Tirana dhe Prishtina, t\u00eb cilat jan\u00eb n\u00eb p\u00ebrputhje me konceptin e Shqip\u00ebris\u00eb s\u00eb Madhe, shkaktojn\u00eb shqet\u00ebsim serioz<\/em>&#8211; &#8220;thuhet n\u00eb deklarat\u00eb, raporton media ruse <a href=\"https:\/\/tass.com\/politics\/1067599\">TASS<\/a>.<\/span><\/p>\n<p><span style=\"color: #000000;\">M\u00eb tej n\u00eb deklarat\u00eb thuhet se SHBA dhe BE nuk kan\u00eb reaguar p\u00ebr k\u00ebt\u00eb l\u00ebvizje duke e cil\u00ebsuar si inkuraim p\u00ebr Shqip\u00ebrin\u00eb e Madhe.<\/span><\/p>\n<p><span style=\"color: #000000;\">&#8220;<em>Ne d\u00ebshirojm\u00eb t\u00eb theksojm\u00eb se Shtetet e Bashkuara dhe Bashkimi Evropian preferojn\u00eb t\u00eb mos reagojn\u00eb ndaj l\u00ebvizjeve t\u00eb tilla shkat\u00ebrruese, duke inkurajuar n\u00eb t\u00eb v\u00ebrtet\u00eb ndjenj\u00ebn e Shqip\u00ebris\u00eb s\u00eb Madhe q\u00eb \u00ebsht\u00eb e d\u00ebmshme p\u00ebr rajonin<\/em>&#8220;- shtoi Ministria e Jashtme e Rusis\u00eb.<\/span><\/p>\n","protected":false,"gt_translate_keys":[{"key":"rendered","format":"html"}]},"excerpt":{"rendered":"<p>Ministria e Jashtme Ruse ka reaguar p\u00ebr marr\u00ebveshjen m\u00eb t\u00eb fundit mes Shqip\u00ebris\u00eb dhe Kosov\u00ebs p\u00ebr t\u00eb pasur ambasada t\u00eb p\u00ebrbashk\u00ebta, duke e konsideruar nj\u00eb l\u00ebvizje provokuese. \u201cHapa provokues nga Tirana dhe Prishtina, t\u00eb cilat jan\u00eb n\u00eb p\u00ebrputhje me konceptin e Shqip\u00ebris\u00eb s\u00eb Madhe, shkaktojn\u00eb shqet\u00ebsim serioz&#8211; &#8220;thuhet n\u00eb deklarat\u00eb, raporton media ruse TASS. M\u00eb [&hellip;]<\/p>\n","protected":false,"gt_translate_keys":[{"key":"rendered","format":"html"}]},"author":32,"featured_media":308997,"comment_status":"open","ping_status":"open","sticky":false,"template":"","format":"standard","meta":{"footnotes":""},"categories":[65,13],"tags":[],"class_list":["post-308996","post","type-post","status-publish","format-standard","has-post-thumbnail","hentry","category-lajme","category-te-fundit"],"gt_translate_keys":[{"key":"link","format":"url"}],"_links":{"self":[{"href":"https:\/\/www.hashtag.al\/index.php\/wp-json\/wp\/v2\/posts\/308996","targetHints":{"allow":["GET"]}}],"collection":[{"href":"https:\/\/www.hashtag.al\/index.php\/wp-json\/wp\/v2\/posts"}],"about":[{"href":"https:\/\/www.hashtag.al\/index.php\/wp-json\/wp\/v2\/types\/post"}],"author":[{"embeddable":true,"href":"https:\/\/www.hashtag.al\/index.php\/wp-json\/wp\/v2\/users\/32"}],"replies":[{"embeddable":true,"href":"https:\/\/www.hashtag.al\/index.php\/wp-json\/wp\/v2\/comments?post=308996"}],"version-history":[{"count":0,"href":"https:\/\/www.hashtag.al\/index.php\/wp-json\/wp\/v2\/posts\/308996\/revisions"}],"wp:featuredmedia":[{"embeddable":true,"href":"https:\/\/www.hashtag.al\/index.php\/wp-json\/wp\/v2\/media\/308997"}],"wp:attachment":[{"href":"https:\/\/www.hashtag.al\/index.php\/wp-json\/wp\/v2\/media?parent=308996"}],"wp:term":[{"taxonomy":"category","embeddable":true,"href":"https:\/\/www.hashtag.al\/index.php\/wp-json\/wp\/v2\/categories?post=308996"},{"taxonomy":"post_tag","embeddable":true,"href":"https:\/\/www.hashtag.al\/index.php\/wp-json\/wp\/v2\/tags?post=308996"}],"curies":[{"name":"wp","href":"https:\/\/api.w.org\/{rel}","templated":true}]}}