{"id":308789,"date":"2019-07-07T22:25:27","date_gmt":"2019-07-07T20:25:27","guid":{"rendered":"https:\/\/hashtag.al\/?p=308789"},"modified":"2019-07-07T22:21:55","modified_gmt":"2019-07-07T20:21:55","slug":"basha-nga-durresi-beteje-deri-ne-rrezimin-e-rregjimit-te-rames","status":"publish","type":"post","link":"https:\/\/www.hashtag.al\/index.php\/2019\/07\/07\/basha-nga-durresi-beteje-deri-ne-rrezimin-e-rregjimit-te-rames\/","title":{"rendered":"Basha nga Durr\u00ebsi: Betej\u00eb deri n\u00eb rr\u00ebzimin e rr\u00ebgjimit t\u00eb Ram\u00ebs","gt_translate_keys":[{"key":"rendered","format":"text"}]},"content":{"rendered":"<p><img loading=\"lazy\" decoding=\"async\" class=\"aligncenter size-full wp-image-308790\" src=\"https:\/\/hashtag.al\/wp-content\/uploads\/2019\/07\/WhatsApp-Image-2019-07-07-at-21.54.38-2.jpeg\" alt=\"\" width=\"960\" height=\"756\" srcset=\"https:\/\/www.hashtag.al\/wp-content\/uploads\/2019\/07\/WhatsApp-Image-2019-07-07-at-21.54.38-2.jpeg 960w, https:\/\/www.hashtag.al\/wp-content\/uploads\/2019\/07\/WhatsApp-Image-2019-07-07-at-21.54.38-2-300x236.jpeg 300w, https:\/\/www.hashtag.al\/wp-content\/uploads\/2019\/07\/WhatsApp-Image-2019-07-07-at-21.54.38-2-768x605.jpeg 768w\" sizes=\"auto, (max-width: 960px) 100vw, 960px\" \/><\/p>\n<p><span style=\"color: #000000;\">Pas Kamz\u00ebs e Vor\u00ebs, kryedemokrati Lulzim Basha ka takuar nga af\u00ebr edhe qytetar\u00eb e mb\u00ebshtet\u00ebs t\u00eb tij n\u00eb Durr\u00ebs.<\/span><\/p>\n<p><span style=\"color: #000000;\">Kreu i PD, i falenderoi qytetar\u00ebt e Durr\u00ebsit q\u00eb refuzuan masivisht regjimin e Edi Ram\u00ebs m\u00eb 30 Qershor.<\/span><\/p>\n<p><span style=\"color: #000000;\">Duke ven\u00eb n\u00eb dukje r\u00ebnd\u00ebsin\u00eb e q\u00ebndres\u00ebs gjat\u00eb k\u00ebtyre muajve, lideri i opozit\u00ebs theksoi se beteja vijon deri n\u00eb largimin e Edi Ram\u00ebs.<\/span><\/p>\n<p><span style=\"color: #000000;\">\u201c<em>Masivisht duhet t\u2019i bashkohemi protest\u00ebs s\u00eb dit\u00ebs s\u00eb nes\u00ebrme p\u00ebr t\u00eb treguar se t\u00eb gjith\u00eb bashk\u00eb do ta b\u00ebjm\u00eb Shqip\u00ebrin\u00eb si gjith\u00eb Europa.<\/em><\/span><\/p>\n<p><em><span style=\"color: #000000;\"> E nes\u00ebrmja \u00ebsht\u00eb bashkim i qytetar\u00ebve europian\u00eb q\u00eb luftojn\u00eb p\u00ebr vlerat dhe parimet europiane.\u201d-tha Basha n\u00eb takimin informal q\u00eb zhvilloi n\u00eb Durr\u00ebs mbr\u00ebmjen e s\u00eb diel\u00ebs. <\/span><\/em><span style=\"color: #000000;\"><em>30 qershori ishte dita q\u00eb sh\u00ebnoi fillimin e fundit real t\u00eb Edi Ram\u00ebs<\/em>\u201d- u shpreh kryetari i Partis\u00eb Demokratike.<\/span><\/p>\n","protected":false,"gt_translate_keys":[{"key":"rendered","format":"html"}]},"excerpt":{"rendered":"<p>Pas Kamz\u00ebs e Vor\u00ebs, kryedemokrati Lulzim Basha ka takuar nga af\u00ebr edhe qytetar\u00eb e mb\u00ebshtet\u00ebs t\u00eb tij n\u00eb Durr\u00ebs. Kreu i PD, i falenderoi qytetar\u00ebt e Durr\u00ebsit q\u00eb refuzuan masivisht regjimin e Edi Ram\u00ebs m\u00eb 30 Qershor. Duke ven\u00eb n\u00eb dukje r\u00ebnd\u00ebsin\u00eb e q\u00ebndres\u00ebs gjat\u00eb k\u00ebtyre muajve, lideri i opozit\u00ebs theksoi se beteja vijon deri [&hellip;]<\/p>\n","protected":false,"gt_translate_keys":[{"key":"rendered","format":"html"}]},"author":32,"featured_media":308790,"comment_status":"open","ping_status":"open","sticky":false,"template":"","format":"standard","meta":{"footnotes":""},"categories":[65,13],"tags":[],"class_list":["post-308789","post","type-post","status-publish","format-standard","has-post-thumbnail","hentry","category-lajme","category-te-fundit"],"gt_translate_keys":[{"key":"link","format":"url"}],"_links":{"self":[{"href":"https:\/\/www.hashtag.al\/index.php\/wp-json\/wp\/v2\/posts\/308789","targetHints":{"allow":["GET"]}}],"collection":[{"href":"https:\/\/www.hashtag.al\/index.php\/wp-json\/wp\/v2\/posts"}],"about":[{"href":"https:\/\/www.hashtag.al\/index.php\/wp-json\/wp\/v2\/types\/post"}],"author":[{"embeddable":true,"href":"https:\/\/www.hashtag.al\/index.php\/wp-json\/wp\/v2\/users\/32"}],"replies":[{"embeddable":true,"href":"https:\/\/www.hashtag.al\/index.php\/wp-json\/wp\/v2\/comments?post=308789"}],"version-history":[{"count":0,"href":"https:\/\/www.hashtag.al\/index.php\/wp-json\/wp\/v2\/posts\/308789\/revisions"}],"wp:featuredmedia":[{"embeddable":true,"href":"https:\/\/www.hashtag.al\/index.php\/wp-json\/wp\/v2\/media\/308790"}],"wp:attachment":[{"href":"https:\/\/www.hashtag.al\/index.php\/wp-json\/wp\/v2\/media?parent=308789"}],"wp:term":[{"taxonomy":"category","embeddable":true,"href":"https:\/\/www.hashtag.al\/index.php\/wp-json\/wp\/v2\/categories?post=308789"},{"taxonomy":"post_tag","embeddable":true,"href":"https:\/\/www.hashtag.al\/index.php\/wp-json\/wp\/v2\/tags?post=308789"}],"curies":[{"name":"wp","href":"https:\/\/api.w.org\/{rel}","templated":true}]}}