{"id":308546,"date":"2019-07-06T19:59:13","date_gmt":"2019-07-06T17:59:13","guid":{"rendered":"https:\/\/hashtag.al\/?p=308546"},"modified":"2019-07-06T20:00:23","modified_gmt":"2019-07-06T18:00:23","slug":"kryemadhi-si-na-kercenonte-rama-e-cfare-na-bashkon-me-pd-ne","status":"publish","type":"post","link":"https:\/\/www.hashtag.al\/index.php\/2019\/07\/06\/kryemadhi-si-na-kercenonte-rama-e-cfare-na-bashkon-me-pd-ne\/","title":{"rendered":"Kryemadhi: Si na k\u00ebrc\u00ebnonte Rama e \u00e7far\u00eb na bashkon me PD-n\u00eb","gt_translate_keys":[{"key":"rendered","format":"text"}]},"content":{"rendered":"<p><img loading=\"lazy\" decoding=\"async\" class=\"aligncenter size-full wp-image-308547\" src=\"https:\/\/hashtag.al\/wp-content\/uploads\/2019\/07\/monika.jpg\" alt=\"\" width=\"1080\" height=\"673\" srcset=\"https:\/\/www.hashtag.al\/wp-content\/uploads\/2019\/07\/monika.jpg 1080w, https:\/\/www.hashtag.al\/wp-content\/uploads\/2019\/07\/monika-300x187.jpg 300w, https:\/\/www.hashtag.al\/wp-content\/uploads\/2019\/07\/monika-768x479.jpg 768w, https:\/\/www.hashtag.al\/wp-content\/uploads\/2019\/07\/monika-1024x638.jpg 1024w\" sizes=\"auto, (max-width: 1080px) 100vw, 1080px\" \/><\/p>\n<p><span style=\"color: #000000;\">Kryetarja e LSI-s\u00eb, Kryemadhi, ka deklaruar se me PD-n\u00eb e bashkon politika e Edi Ram\u00ebs dhe kapja e shtetit prej tij, nd\u00ebrsa tha se marr\u00ebveshja e 17 majit u b\u00eb p\u00ebr t\u00eb eliminuar politikisht LSI-n\u00eb.<\/span><\/p>\n<p><span style=\"color: #000000;\">Ajo i b\u00ebri deklaratat n\u00eb emisionin &#8216;Kjo Jav\u00eb&#8217; n\u00eb &#8216;News24&#8217;.<\/span><\/p>\n<p><span style=\"color: #000000;\"><em>\u2018Ecuria PD-LSI nuk ka t\u00eb b\u00ebj\u00eb mes meje dhe Bash\u00ebs. Por ka t\u00eb b\u00ebj\u00eb me \u00e7lirimin e institucioneve t\u00eb shtetit nga nj\u00eb sekt kriminal. T\u2019i jap\u00ebsh sot oksigjen Ram\u00ebs, nuk t\u00eb b\u00ebn m\u00eb pak fajtor se Edi Rama. Marr\u00ebveshja e 17 majit ishte p\u00ebr t\u00eb eliminuar LSI. Ne duhet t\u2019iu japim shans edhe partive t\u00eb tjera t\u00eb krijohen, por jo parti q\u00eb krijohen n\u00eb ilegjitimitet\u2019<\/em>, tha ajo.<\/span><\/p>\n<p><span style=\"color: #000000;\">Nd\u00ebrsa ka p\u00ebrmendur edhe k\u00ebrc\u00ebnimet q\u00eb i kan\u00eb ardhur nga kryeministri Rama, p\u00ebr shkrirjen e LSI-s\u00eb, t\u00eb nj\u00ebjtat me ato q\u00eb lexoi presidenti Meta.<\/span><\/p>\n<p><span style=\"color: #000000;\"><em>\u2018M\u00eb conte mesazhe me njer\u00ebzit e vet dhe thoshte s\u2019do mbush\u00ebsh sallat m\u00eb. Bleu drejtor\u00ebt e LSI-s\u00eb dhe i mbajti ca z\u00ebdh\u00ebn\u00ebsa, i mori k\u00ebta dhe kujtoi se LSI ishin k\u00ebta. LSI \u00ebsht\u00eb struktur\u00eb solide shpirt\u00ebrore dhe jo pushteti. \u2018<\/em> &#8211; shtoi Kryemadhi.<\/span><\/p>\n<p><span style=\"color: #000000;\">N\u00eb fund ajo ka folur edhe p\u00ebr nj\u00eb shkarkim t\u00eb mundsh\u00ebm t\u00eb Met\u00ebs si president, duke th\u00ebn\u00eb se kjo gj\u00eb do e b\u00ebnte Ram\u00ebn si Berisha n\u00eb vitin 1997.<\/span><\/p>\n<p><span style=\"color: #000000;\"><em>\u2018Shkarkimi i Met\u00ebs do \u00eb b\u00ebnte Ram\u00ebn si Berisha n\u00eb vitin 1997 q\u00eb i mori t\u00eb gjitha pushtetet. Shkarkimi i Ilir Met\u00ebs p\u00ebr mua do t\u00eb faktonte p\u00ebrfundimisht, r\u00ebnien e t\u00eb gjith\u00eb institucioneve n\u00eb dor\u00eb t\u00eb nj\u00eb njeriu, q\u00eb do mbahet mend n\u00eb shekullin XXI me nj\u00eb psikopat t\u00eb droguar. R\u00ebnia e institucioneve t\u00eb presidentit do t\u00eb thot\u00eb t\u00eb destabilizosh Rajonin e Ballkanin. Destabilizon vendin m\u00eb pro europian n\u00eb rajon.\u2019<\/em> &#8211; \u00a0shtoi Kryemadhi.<\/span><\/p>\n","protected":false,"gt_translate_keys":[{"key":"rendered","format":"html"}]},"excerpt":{"rendered":"<p>Kryetarja e LSI-s\u00eb, Kryemadhi, ka deklaruar se me PD-n\u00eb e bashkon politika e Edi Ram\u00ebs dhe kapja e shtetit prej tij, nd\u00ebrsa tha se marr\u00ebveshja e 17 majit u b\u00eb p\u00ebr t\u00eb eliminuar politikisht LSI-n\u00eb. Ajo i b\u00ebri deklaratat n\u00eb emisionin &#8216;Kjo Jav\u00eb&#8217; n\u00eb &#8216;News24&#8217;. \u2018Ecuria PD-LSI nuk ka t\u00eb b\u00ebj\u00eb mes meje dhe Bash\u00ebs. [&hellip;]<\/p>\n","protected":false,"gt_translate_keys":[{"key":"rendered","format":"html"}]},"author":51,"featured_media":308547,"comment_status":"open","ping_status":"open","sticky":false,"template":"","format":"standard","meta":{"footnotes":""},"categories":[65,13],"tags":[],"class_list":["post-308546","post","type-post","status-publish","format-standard","has-post-thumbnail","hentry","category-lajme","category-te-fundit"],"gt_translate_keys":[{"key":"link","format":"url"}],"_links":{"self":[{"href":"https:\/\/www.hashtag.al\/index.php\/wp-json\/wp\/v2\/posts\/308546","targetHints":{"allow":["GET"]}}],"collection":[{"href":"https:\/\/www.hashtag.al\/index.php\/wp-json\/wp\/v2\/posts"}],"about":[{"href":"https:\/\/www.hashtag.al\/index.php\/wp-json\/wp\/v2\/types\/post"}],"author":[{"embeddable":true,"href":"https:\/\/www.hashtag.al\/index.php\/wp-json\/wp\/v2\/users\/51"}],"replies":[{"embeddable":true,"href":"https:\/\/www.hashtag.al\/index.php\/wp-json\/wp\/v2\/comments?post=308546"}],"version-history":[{"count":0,"href":"https:\/\/www.hashtag.al\/index.php\/wp-json\/wp\/v2\/posts\/308546\/revisions"}],"wp:featuredmedia":[{"embeddable":true,"href":"https:\/\/www.hashtag.al\/index.php\/wp-json\/wp\/v2\/media\/308547"}],"wp:attachment":[{"href":"https:\/\/www.hashtag.al\/index.php\/wp-json\/wp\/v2\/media?parent=308546"}],"wp:term":[{"taxonomy":"category","embeddable":true,"href":"https:\/\/www.hashtag.al\/index.php\/wp-json\/wp\/v2\/categories?post=308546"},{"taxonomy":"post_tag","embeddable":true,"href":"https:\/\/www.hashtag.al\/index.php\/wp-json\/wp\/v2\/tags?post=308546"}],"curies":[{"name":"wp","href":"https:\/\/api.w.org\/{rel}","templated":true}]}}