{"id":308378,"date":"2019-07-05T19:55:45","date_gmt":"2019-07-05T17:55:45","guid":{"rendered":"https:\/\/hashtag.al\/?p=308378"},"modified":"2019-07-05T19:55:45","modified_gmt":"2019-07-05T17:55:45","slug":"merkel-kunder-maron-reformimi-i-be-nuk-mund-te-bllokoje-zgjerimin-drejt-ballkanit-perendimor","status":"publish","type":"post","link":"https:\/\/www.hashtag.al\/index.php\/2019\/07\/05\/merkel-kunder-maron-reformimi-i-be-nuk-mund-te-bllokoje-zgjerimin-drejt-ballkanit-perendimor\/","title":{"rendered":"Merkel kund\u00ebr Maron: Reformimi i BE nuk mund t\u00eb bllokoj\u00eb zgjerimin drejt Ballkanit Per\u00ebndimor","gt_translate_keys":[{"key":"rendered","format":"text"}]},"content":{"rendered":"<p><img loading=\"lazy\" decoding=\"async\" class=\"aligncenter size-full wp-image-308379\" src=\"https:\/\/hashtag.al\/wp-content\/uploads\/2019\/07\/1432855408-955466222_morawiecki.jpg\" alt=\"\" width=\"1600\" height=\"1067\" srcset=\"https:\/\/www.hashtag.al\/wp-content\/uploads\/2019\/07\/1432855408-955466222_morawiecki.jpg 1600w, https:\/\/www.hashtag.al\/wp-content\/uploads\/2019\/07\/1432855408-955466222_morawiecki-300x200.jpg 300w, https:\/\/www.hashtag.al\/wp-content\/uploads\/2019\/07\/1432855408-955466222_morawiecki-768x512.jpg 768w, https:\/\/www.hashtag.al\/wp-content\/uploads\/2019\/07\/1432855408-955466222_morawiecki-1024x683.jpg 1024w\" sizes=\"auto, (max-width: 1600px) 100vw, 1600px\" \/><\/p>\n<p><span style=\"color: #000000;\">Pik\u00ebpamja e presidentit t\u00eb Franc\u00ebs, Emmanuel Macron, se Bashkimi Evropian nuk mund t\u00eb pranoj\u00eb an\u00ebtar\u00eb t\u00eb rinj derisa mekanizmat e tij t\u00eb qeverisjes t\u00eb b\u00ebhen m\u00eb efikas, nuk duhet t\u00eb shtyj\u00eb pranimin e vendeve t\u00eb Ballkanit n\u00eb BE, tha kancelarja gjermane, Angela Merkel.<\/span><\/p>\n<p><span style=\"color: #000000;\">Duke folur n\u00eb nj\u00eb samit p\u00ebr Ballkanin Per\u00ebndimor n\u00eb Poznan t\u00eb Polonis\u00eb, Merkel tha se Macron ka t\u00eb drejt\u00eb kur thot\u00eb se qeverisja e bllokut duhet ristrukturuar.<\/span><\/p>\n<p><span style=\"color: #000000;\">Por, ajo shtoi se procesi i pranimit p\u00ebr vendet e Ballkanit Per\u00ebndimor ka qen\u00eb mjaft i gjat\u00eb dhe se dy objektivat nuk duhet t\u00eb bien ndesh.<\/span><\/p>\n<p><span style=\"color: #000000;\">\u201cUn\u00eb pajtohem me presidentin Macron se mekanizmat e pun\u00ebs s\u00eb BE-s\u00eb duhet t\u00eb p\u00ebrmir\u00ebsohen\u201d, tha Merkel.<\/span><\/p>\n<p><span style=\"color: #000000;\">\u201cUn\u00eb nuk e shoh k\u00ebt\u00eb si braktisje t\u00eb bisedimeve t\u00eb pranimit\u201d, shtoi ajo.<\/span><\/p>\n<p><span style=\"color: #000000;\">Muajin e kaluar, shtetet an\u00ebtare t\u00eb BE-s\u00eb e kan\u00eb shtyr\u00eb vendimin p\u00ebr hapjen ose jo t\u00eb negociatave me Shqip\u00ebrin\u00eb dhe Maqedonin\u00eb e Veriut deri n\u00eb tetor, p\u00ebr shkak t\u00eb hezitimeve t\u00eb disa vendeve, p\u00ebrfshir\u00eb Franc\u00ebn dhe Holand\u00ebn.<\/span><\/p>\n<p><span style=\"color: #000000;\">Kat\u00ebr vendet e tjera t\u00eb Ballkanit Per\u00ebndimor q\u00eb synojn\u00eb t\u00eb an\u00ebtar\u00ebsohen n\u00eb BE jan\u00eb: Mali i Zi, Serbia, Kosova dhe Bosnje e Hercegovina.<\/span><\/p>\n<p><span style=\"color: #000000;\">K\u00ebt\u00eb jav\u00eb, presidenti i Franc\u00ebs, Emmanuel Macron, tha se do t\u00eb bllokoj\u00eb \u00e7do p\u00ebrpjekje p\u00ebr zgjerimin e Bashkimit Evropian, derisa ky i fundit t\u00eb kaloj\u00eb n\u00ebp\u00ebr reforma t\u00eb thella.<\/span><\/p>\n","protected":false,"gt_translate_keys":[{"key":"rendered","format":"html"}]},"excerpt":{"rendered":"<p>Pik\u00ebpamja e presidentit t\u00eb Franc\u00ebs, Emmanuel Macron, se Bashkimi Evropian nuk mund t\u00eb pranoj\u00eb an\u00ebtar\u00eb t\u00eb rinj derisa mekanizmat e tij t\u00eb qeverisjes t\u00eb b\u00ebhen m\u00eb efikas, nuk duhet t\u00eb shtyj\u00eb pranimin e vendeve t\u00eb Ballkanit n\u00eb BE, tha kancelarja gjermane, Angela Merkel. Duke folur n\u00eb nj\u00eb samit p\u00ebr Ballkanin Per\u00ebndimor n\u00eb Poznan t\u00eb Polonis\u00eb, [&hellip;]<\/p>\n","protected":false,"gt_translate_keys":[{"key":"rendered","format":"html"}]},"author":32,"featured_media":308379,"comment_status":"open","ping_status":"open","sticky":false,"template":"","format":"standard","meta":{"footnotes":""},"categories":[6,13],"tags":[],"class_list":["post-308378","post","type-post","status-publish","format-standard","has-post-thumbnail","hentry","category-nderkombetare","category-te-fundit"],"gt_translate_keys":[{"key":"link","format":"url"}],"_links":{"self":[{"href":"https:\/\/www.hashtag.al\/index.php\/wp-json\/wp\/v2\/posts\/308378","targetHints":{"allow":["GET"]}}],"collection":[{"href":"https:\/\/www.hashtag.al\/index.php\/wp-json\/wp\/v2\/posts"}],"about":[{"href":"https:\/\/www.hashtag.al\/index.php\/wp-json\/wp\/v2\/types\/post"}],"author":[{"embeddable":true,"href":"https:\/\/www.hashtag.al\/index.php\/wp-json\/wp\/v2\/users\/32"}],"replies":[{"embeddable":true,"href":"https:\/\/www.hashtag.al\/index.php\/wp-json\/wp\/v2\/comments?post=308378"}],"version-history":[{"count":0,"href":"https:\/\/www.hashtag.al\/index.php\/wp-json\/wp\/v2\/posts\/308378\/revisions"}],"wp:featuredmedia":[{"embeddable":true,"href":"https:\/\/www.hashtag.al\/index.php\/wp-json\/wp\/v2\/media\/308379"}],"wp:attachment":[{"href":"https:\/\/www.hashtag.al\/index.php\/wp-json\/wp\/v2\/media?parent=308378"}],"wp:term":[{"taxonomy":"category","embeddable":true,"href":"https:\/\/www.hashtag.al\/index.php\/wp-json\/wp\/v2\/categories?post=308378"},{"taxonomy":"post_tag","embeddable":true,"href":"https:\/\/www.hashtag.al\/index.php\/wp-json\/wp\/v2\/tags?post=308378"}],"curies":[{"name":"wp","href":"https:\/\/api.w.org\/{rel}","templated":true}]}}