{"id":308131,"date":"2019-07-04T13:51:10","date_gmt":"2019-07-04T11:51:10","guid":{"rendered":"https:\/\/hashtag.al\/?p=308131"},"modified":"2019-07-04T13:51:10","modified_gmt":"2019-07-04T11:51:10","slug":"meta-ngjarja-e-rende-e-kavajes-te-zbardhet-sa-me-shpejt-policia-te-garantoje-sigurine-publike","status":"publish","type":"post","link":"https:\/\/www.hashtag.al\/index.php\/2019\/07\/04\/meta-ngjarja-e-rende-e-kavajes-te-zbardhet-sa-me-shpejt-policia-te-garantoje-sigurine-publike\/","title":{"rendered":"Meta: Ngjarja e r\u00ebnd\u00eb e Kavaj\u00ebs t\u00eb zbardhet sa m\u00eb shpejt, policia t\u00eb garantoj\u00eb sigurin\u00eb publike","gt_translate_keys":[{"key":"rendered","format":"text"}]},"content":{"rendered":"<p><img loading=\"lazy\" decoding=\"async\" class=\"aligncenter size-full wp-image-304973\" src=\"https:\/\/hashtag.al\/wp-content\/uploads\/2019\/06\/ilir-meta-19-qershor.jpeg\" alt=\"\" width=\"960\" height=\"640\" srcset=\"https:\/\/www.hashtag.al\/wp-content\/uploads\/2019\/06\/ilir-meta-19-qershor.jpeg 960w, https:\/\/www.hashtag.al\/wp-content\/uploads\/2019\/06\/ilir-meta-19-qershor-300x200.jpeg 300w, https:\/\/www.hashtag.al\/wp-content\/uploads\/2019\/06\/ilir-meta-19-qershor-768x512.jpeg 768w\" sizes=\"auto, (max-width: 960px) 100vw, 960px\" \/><\/p>\n<p><span style=\"color: #000000;\">Presidenti Meta ka k\u00ebrkuar zbardhjen sa m\u00eb shpejt t\u00eb ngjarjes s\u00eb r\u00ebnd\u00eb t\u00eb ndodhur n\u00eb qytetin e Kavaj\u00ebs, ku nj\u00eb person mbeti i vdekur nd\u00ebrsa disa t\u00eb tjer\u00eb u plagos\u00ebn.<\/span><\/p>\n<p><span style=\"color: #000000;\">Kreu i shtetit k\u00ebrkon nisjen e menj\u00ebhershme t\u00eb hetimeve dhe v\u00ebnien para p\u00ebrgjegj\u00ebsis\u00eb s\u00eb autor\u00ebve t\u00eb krimit.<\/span><\/p>\n<p><span style=\"color: #000000;\">Nd\u00ebrsa u k\u00ebrkon organeve ligjzbatuese q\u00eb t\u00eb marrin masat e duhura p\u00ebr garantimin e siguris\u00eb publike n\u00eb vend.<\/span><\/p>\n<p><span style=\"color: #000000;\">REAGIM I PRESIDENTIT T\u00cb REPUBLIK\u00cbS SH.T.Z ILIR META<\/span><\/p>\n<p><span style=\"color: #000000;\">4 korrik 2019<\/span><\/p>\n<p><span style=\"color: #000000;\">Presidenti i Republik\u00ebs Sh.T.Z Ilir Meta shpreh shqet\u00ebsimin e thell\u00eb p\u00ebr ngjarjen tep\u00ebr t\u00eb r\u00ebnd\u00eb dhe tragjike, t\u00eb ndodhur sot n\u00eb qytetin e Kavaj\u00ebs, ku nj\u00eb qytetar i pafajsh\u00ebm humbi jet\u00ebn dhe disa qytetar\u00eb t\u00eb tjer\u00eb u plagos\u00ebn.<\/span><\/p>\n<p><span style=\"color: #000000;\">Presidenti Meta pati nj\u00eb bised\u00eb telefonike me Kryetarin e Bashkis\u00eb s\u00eb Kavaj\u00ebs, z.Isa Sakja dhe i k\u00ebrkoi t\u2019i p\u00ebrcjell\u00eb ngush\u00ebllimet dhe solidaritetin e Tij m\u00eb t\u00eb sinqert\u00eb t\u00eb af\u00ebrmve dhe familjar\u00ebve t\u00eb qytetarit q\u00eb humbi jet\u00ebn, si dhe u uron sh\u00ebrim t\u00eb shpejt\u00eb t\u00eb gjith\u00eb t\u00eb plagosurve.<\/span><\/p>\n<p><span style=\"color: #000000;\">Presidenti Meta k\u00ebrkon nisjen e menj\u00ebhershme t\u00eb hetimeve p\u00ebr k\u00ebt\u00eb ngjarje t\u00eb r\u00ebnd\u00eb, zbardhjen e shpejt\u00eb dhe t\u00eb plot\u00eb t\u00eb saj, si dhe v\u00ebnien para p\u00ebrgjegj\u00ebsis\u00eb t\u00eb autor\u00ebve.<\/span><\/p>\n<p><span style=\"color: #000000;\">Presidenti Meta thekson domosdoshm\u00ebrin\u00eb e rritjes s\u00eb gatishm\u00ebris\u00eb s\u00eb Policis\u00eb s\u00eb Shtetit dhe agjencive ligjzbatuese, p\u00ebr t\u00eb marr\u00eb t\u00eb gjitha masat e duhura p\u00ebr garantimin e siguris\u00eb publike n\u00eb vend dhe parandaluar p\u00ebrs\u00ebritjen e ngjarjeve t\u00eb tilla kaq t\u00eb r\u00ebnda e tragjike.<\/span><\/p>\n","protected":false,"gt_translate_keys":[{"key":"rendered","format":"html"}]},"excerpt":{"rendered":"<p>Presidenti Meta ka k\u00ebrkuar zbardhjen sa m\u00eb shpejt t\u00eb ngjarjes s\u00eb r\u00ebnd\u00eb t\u00eb ndodhur n\u00eb qytetin e Kavaj\u00ebs, ku nj\u00eb person mbeti i vdekur nd\u00ebrsa disa t\u00eb tjer\u00eb u plagos\u00ebn. Kreu i shtetit k\u00ebrkon nisjen e menj\u00ebhershme t\u00eb hetimeve dhe v\u00ebnien para p\u00ebrgjegj\u00ebsis\u00eb s\u00eb autor\u00ebve t\u00eb krimit. Nd\u00ebrsa u k\u00ebrkon organeve ligjzbatuese q\u00eb t\u00eb marrin [&hellip;]<\/p>\n","protected":false,"gt_translate_keys":[{"key":"rendered","format":"html"}]},"author":51,"featured_media":307950,"comment_status":"open","ping_status":"open","sticky":false,"template":"","format":"standard","meta":{"footnotes":""},"categories":[65,13],"tags":[],"class_list":["post-308131","post","type-post","status-publish","format-standard","has-post-thumbnail","hentry","category-lajme","category-te-fundit"],"gt_translate_keys":[{"key":"link","format":"url"}],"_links":{"self":[{"href":"https:\/\/www.hashtag.al\/index.php\/wp-json\/wp\/v2\/posts\/308131","targetHints":{"allow":["GET"]}}],"collection":[{"href":"https:\/\/www.hashtag.al\/index.php\/wp-json\/wp\/v2\/posts"}],"about":[{"href":"https:\/\/www.hashtag.al\/index.php\/wp-json\/wp\/v2\/types\/post"}],"author":[{"embeddable":true,"href":"https:\/\/www.hashtag.al\/index.php\/wp-json\/wp\/v2\/users\/51"}],"replies":[{"embeddable":true,"href":"https:\/\/www.hashtag.al\/index.php\/wp-json\/wp\/v2\/comments?post=308131"}],"version-history":[{"count":0,"href":"https:\/\/www.hashtag.al\/index.php\/wp-json\/wp\/v2\/posts\/308131\/revisions"}],"wp:featuredmedia":[{"embeddable":true,"href":"https:\/\/www.hashtag.al\/index.php\/wp-json\/wp\/v2\/media\/307950"}],"wp:attachment":[{"href":"https:\/\/www.hashtag.al\/index.php\/wp-json\/wp\/v2\/media?parent=308131"}],"wp:term":[{"taxonomy":"category","embeddable":true,"href":"https:\/\/www.hashtag.al\/index.php\/wp-json\/wp\/v2\/categories?post=308131"},{"taxonomy":"post_tag","embeddable":true,"href":"https:\/\/www.hashtag.al\/index.php\/wp-json\/wp\/v2\/tags?post=308131"}],"curies":[{"name":"wp","href":"https:\/\/api.w.org\/{rel}","templated":true}]}}