{"id":308059,"date":"2019-07-04T08:46:40","date_gmt":"2019-07-04T06:46:40","guid":{"rendered":"https:\/\/hashtag.al\/?p=308059"},"modified":"2019-07-04T09:57:53","modified_gmt":"2019-07-04T07:57:53","slug":"meta-uron-shba-ne-per-pavaresine-mesazh-dhe-rames-mes-rreshtash","status":"publish","type":"post","link":"https:\/\/www.hashtag.al\/index.php\/2019\/07\/04\/meta-uron-shba-ne-per-pavaresine-mesazh-dhe-rames-mes-rreshtash\/","title":{"rendered":"Meta uron SHBA-n\u00eb p\u00ebr Pavar\u00ebsin\u00eb, mesazh dhe Ram\u00ebs mes rreshtash","gt_translate_keys":[{"key":"rendered","format":"text"}]},"content":{"rendered":"<p><span style=\"color: #000000;\"><img loading=\"lazy\" decoding=\"async\" class=\"aligncenter size-full wp-image-268096\" src=\"https:\/\/hashtag.al\/wp-content\/uploads\/2019\/01\/meta23janar-e1548246013537.jpg\" alt=\"\" width=\"4000\" height=\"2670\" srcset=\"https:\/\/www.hashtag.al\/wp-content\/uploads\/2019\/01\/meta23janar-e1548246013537.jpg 4000w, https:\/\/www.hashtag.al\/wp-content\/uploads\/2019\/01\/meta23janar-e1548246013537-300x200.jpg 300w, https:\/\/www.hashtag.al\/wp-content\/uploads\/2019\/01\/meta23janar-e1548246013537-768x513.jpg 768w, https:\/\/www.hashtag.al\/wp-content\/uploads\/2019\/01\/meta23janar-e1548246013537-1024x684.jpg 1024w\" sizes=\"auto, (max-width: 4000px) 100vw, 4000px\" \/><\/span><\/p>\n<p><span style=\"color: #000000;\">Sot amerikan\u00ebt festojn\u00eb dit\u00ebn e Pavar\u00ebsis\u00eb dhe nga presidenti shqiptar nuk mund t\u00eb mungonte nj\u00eb urim.<\/span><\/p>\n<p><span style=\"color: #000000;\">Meta shkruan se 4 korriku \u00ebsht\u00eb rasti m\u00eb i mir\u00eb p\u00ebr t\u00eb uruar komunitetin shqiptar q\u00eb jeton n\u00eb SHBA dhe q\u00eb po kontribuon n\u00eb forcimin e lidhjeve midis dy vendeve.<\/span><\/p>\n<p><span style=\"color: #000000;\"><em>\u201cMir\u00ebm\u00ebngjes t\u00eb gjith\u00ebve dhe G\u00ebzuar Fest\u00ebn e SHBA!<\/em><\/span><\/p>\n<p><span style=\"color: #000000;\"><em>Nj\u00eb rast i mir\u00eb sot n\u00eb ve\u00e7anti p\u00ebr t\u00eb uruar t\u00eb gjith\u00eb komunitetin e mrekulluesh\u00ebm shqiptar q\u00eb jeton n\u00eb SHBA dhe q\u00eb kontriubon fuqish\u00ebm p\u00ebr t\u00eb p\u00ebrforcuar lidhjet dhe marr\u00ebdh\u00ebniet tona n\u00eb t\u00eb gjitha fushat, n\u00eb m\u00ebnyr\u00eb q\u00eb raportet shqiptaro-amerikane t&#8217;i sh\u00ebrbejn\u00eb jo vet\u00ebm interesave reciproke strategjike, por edhe rritjes s\u00eb kredencialeve demokratike t\u00eb Shqip\u00ebris\u00eb si vend an\u00ebtar i NATO-s, q\u00eb n\u00eb zemr\u00ebn e saj ka demokracin\u00eb, por edhe si nj\u00eb vend i denj\u00eb p\u00ebr t\u00eb \u00e7elur negociatat p\u00ebr an\u00ebtar\u00ebsim me BE n\u00eb 18 tetor 2019.\u201d, shkruan Meta.<\/em><\/span><\/p>\n<p><span style=\"color: #000000;\">Mes t\u00eb tjerash, presidenti i vendit shton se ashqiptar\u00ebt n\u00ebAmerik\u00eb nuk jan\u00eb t\u00eb lumtur me kriz\u00ebn politike n\u00eb Shqip\u00ebri dhe b\u00ebjn\u00eb thirrje p\u00ebr reflektim dhe p\u00ebrgjegj\u00ebsi, duke i p\u00ebrcjell\u00eb k\u00ebshtu p\u00ebrmes k\u00ebtij urimi dhe nj\u00eb mesazh t\u00eb koduar kryeministrit Edi Rama.<\/span><\/p>\n<p><span style=\"color: #000000;\"><em>\u201cShqiptar\u00ebt e Amerik\u00ebs sot nuk ndihen t\u00eb lumtur me kriz\u00ebn pa rrug\u00ebdalje ku ndodhet vendi yn\u00eb. Ndaj b\u00ebjn\u00eb thirrje p\u00ebr reflekim dhe p\u00ebrgjegjshm\u00ebri. Ju ftoj t\u00eb lexoni me v\u00ebmendje k\u00ebt\u00eb artikull t\u00eb shkruar nga nj\u00eb prej personaliteteve t\u00eb komunitetit ton\u00eb n\u00eb SHBA, z.Frank Shkreli, ish-drejtor i Z\u00ebrit t\u00eb Amerik\u00ebs.\u201d<\/em>, shkruan Meta.<\/span><\/p>\n<p><span style=\"color: #000000;\">Kujtojm\u00eb se dit\u00ebt e fundit, Meta i ka b\u00ebr\u00eb thirrje kryeministrit Edi Rama t\u00eb reflektoj\u00eb dhe t\u00eb thellohet lidhur me kriz\u00ebn politike n\u00eb vend.<\/span><\/p>\n","protected":false,"gt_translate_keys":[{"key":"rendered","format":"html"}]},"excerpt":{"rendered":"<p>Sot amerikan\u00ebt festojn\u00eb dit\u00ebn e Pavar\u00ebsis\u00eb dhe nga presidenti shqiptar nuk mund t\u00eb mungonte nj\u00eb urim. Meta shkruan se 4 korriku \u00ebsht\u00eb rasti m\u00eb i mir\u00eb p\u00ebr t\u00eb uruar komunitetin shqiptar q\u00eb jeton n\u00eb SHBA dhe q\u00eb po kontribuon n\u00eb forcimin e lidhjeve midis dy vendeve. \u201cMir\u00ebm\u00ebngjes t\u00eb gjith\u00ebve dhe G\u00ebzuar Fest\u00ebn e SHBA! Nj\u00eb [&hellip;]<\/p>\n","protected":false,"gt_translate_keys":[{"key":"rendered","format":"html"}]},"author":30,"featured_media":304973,"comment_status":"open","ping_status":"open","sticky":false,"template":"","format":"standard","meta":{"footnotes":""},"categories":[65,13],"tags":[],"class_list":["post-308059","post","type-post","status-publish","format-standard","has-post-thumbnail","hentry","category-lajme","category-te-fundit"],"gt_translate_keys":[{"key":"link","format":"url"}],"_links":{"self":[{"href":"https:\/\/www.hashtag.al\/index.php\/wp-json\/wp\/v2\/posts\/308059","targetHints":{"allow":["GET"]}}],"collection":[{"href":"https:\/\/www.hashtag.al\/index.php\/wp-json\/wp\/v2\/posts"}],"about":[{"href":"https:\/\/www.hashtag.al\/index.php\/wp-json\/wp\/v2\/types\/post"}],"author":[{"embeddable":true,"href":"https:\/\/www.hashtag.al\/index.php\/wp-json\/wp\/v2\/users\/30"}],"replies":[{"embeddable":true,"href":"https:\/\/www.hashtag.al\/index.php\/wp-json\/wp\/v2\/comments?post=308059"}],"version-history":[{"count":0,"href":"https:\/\/www.hashtag.al\/index.php\/wp-json\/wp\/v2\/posts\/308059\/revisions"}],"wp:featuredmedia":[{"embeddable":true,"href":"https:\/\/www.hashtag.al\/index.php\/wp-json\/wp\/v2\/media\/304973"}],"wp:attachment":[{"href":"https:\/\/www.hashtag.al\/index.php\/wp-json\/wp\/v2\/media?parent=308059"}],"wp:term":[{"taxonomy":"category","embeddable":true,"href":"https:\/\/www.hashtag.al\/index.php\/wp-json\/wp\/v2\/categories?post=308059"},{"taxonomy":"post_tag","embeddable":true,"href":"https:\/\/www.hashtag.al\/index.php\/wp-json\/wp\/v2\/tags?post=308059"}],"curies":[{"name":"wp","href":"https:\/\/api.w.org\/{rel}","templated":true}]}}