{"id":307716,"date":"2019-07-02T11:25:40","date_gmt":"2019-07-02T09:25:40","guid":{"rendered":"https:\/\/hashtag.al\/?p=307716"},"modified":"2019-07-02T23:41:32","modified_gmt":"2019-07-02T21:41:32","slug":"meta-mesazh-per-sorosin-se-degjova-orbanin-kur-me-paralajmeronte","status":"publish","type":"post","link":"https:\/\/www.hashtag.al\/index.php\/2019\/07\/02\/meta-mesazh-per-sorosin-se-degjova-orbanin-kur-me-paralajmeronte\/","title":{"rendered":"Meta mesazh p\u00ebr Sorosin: S&#8217;e d\u00ebgjova Orbanin kur m\u00eb paralajm\u00ebronte","gt_translate_keys":[{"key":"rendered","format":"text"}]},"content":{"rendered":"<p><span style=\"color: #000000;\"><img loading=\"lazy\" decoding=\"async\" class=\"aligncenter size-full wp-image-307717\" src=\"https:\/\/hashtag.al\/wp-content\/uploads\/2019\/07\/ilir-meta.jpg\" alt=\"\" width=\"780\" height=\"440\" srcset=\"https:\/\/www.hashtag.al\/wp-content\/uploads\/2019\/07\/ilir-meta.jpg 780w, https:\/\/www.hashtag.al\/wp-content\/uploads\/2019\/07\/ilir-meta-300x169.jpg 300w, https:\/\/www.hashtag.al\/wp-content\/uploads\/2019\/07\/ilir-meta-768x433.jpg 768w\" sizes=\"auto, (max-width: 780px) 100vw, 780px\" \/><\/span><\/p>\n<p><span style=\"color: #000000;\">Presidenti i Republik\u00ebs Ilir Meta, ka nj\u00eb mesazh p\u00ebr miliarderin liberal George Soros. Ai thot\u00eb se kryeministri hungarez Viktor Orban e kishte paralajm\u00ebruar p\u00ebr rrezikun q\u00eb paraqiste George Soros, por ai nuk e kishte besuar.<\/span><\/p>\n<p><span style=\"color: #000000;\"><em>&#8221; Kam dy fjal\u00eb p\u00ebr George Soros. S&#8217;e kam d\u00ebgjuar me v\u00ebmendje Orbanin, kur i flisja me gjith\u00eb dashuri p\u00ebr George Sorosin dhe m\u00eb tha kini kujdes se nuk \u00ebsht\u00eb aq demokrat sa c&#8217;dduhet dhe shpesh komploton. At\u00ebhere na ndihmoi se ishim n\u00eb opozit\u00eb. Un\u00eb i uroj Sorosit jet\u00eb t\u00eb gjat\u00eb.<\/em><\/span><\/p>\n<p><span style=\"color: #000000;\"><em>I uroj suksese edhe t\u00eb birit q\u00eb vjen shpesh n\u00eb Shqip\u00ebri, t&#8217;i g\u00ebzoj\u00eb ato miliardat e veta. Shqip\u00ebria \u00ebsht\u00eb nj\u00eb vend i vog\u00ebl p\u00ebr p\u00ebrmasat e tij, t\u00eb investoj\u00eb n\u00eb p\u00ebrmasat e m\u00ebdha, se Ilir Meta nuk \u00ebsht\u00eb tip Gruevski.<\/em><\/span><\/p>\n<p><span style=\"color: #000000;\"><em>Ilir Meta \u00ebsht\u00eb presidenti i vendit dhe i del p\u00ebr zot vendit. Jam i rac\u00ebs s\u00eb tipit Avni Rustemi, Mic Sokolit, Vojo Kushi. Po qesh \u201ckush\u00ebrira\u201d ime, Ambrozia, jam\u00a0 i gatsh\u00ebm t\u00eb b\u00ebj testin e sh\u00ebndetit mendor dhe pas k\u00ebsaj krize duhet t\u00eb v\u00ebm\u00eb n\u00eb kushtetut\u00eb testin e sh\u00ebndetit mendor dhe jam gati t\u00eb b\u00ebj edhe testin e drog\u00ebs, kurse p\u00ebr tetstin e shqiptarit e din\u00eb ata q\u00eb e kam b\u00ebr\u00eb e do ta b\u00ebj n\u00eb \u00e7do koh\u00eb&#8221;,<\/em><em>\u00a0tha presidenti Meta.<\/em><\/span><\/p>\n<p><span style=\"color: #000000;\">M\u00eb tej presidenti e konsideroi Reform\u00ebn n\u00eb Drejt\u00ebsi nj\u00eb koloni t\u00eb fondacionit t\u00eb Sorosit.<\/span><\/p>\n<p><em><span style=\"color: #000000;\">&#8220;Un\u00eb kam b\u00ebr\u00eb \u00e7do p\u00ebrpjekje q\u00eb Shqip\u00ebria mos b\u00ebhej qesharake. As para se t\u00eb b\u00ebhej reforma n\u00eb drejt\u00ebsi, edhe p\u00ebr zbatimin e reform\u00ebs n\u00eb drejt\u00ebsi, e cila \u00ebsht\u00eb kthyer n\u00eb Ramaform, se po t\u00eb ishte zbatuar si reform\u00eb nuk ishim n\u00eb k\u00ebt\u00eb situat\u00eb. Kush jan\u00eb k\u00ebta ambasador\u00eb q\u00eb kujtohen \u00a0nj\u00eb dit\u00eb para zgjedhjeve q\u00eb thon\u00eb do ta b\u00ebj\u00eb gjykata kushtetuese. Kush e prishi KED-n? Edi sepse nuk i p\u00eblqyen emrat nga kutia. P\u00ebrdori edhe nj\u00eb ambasador shum\u00eb t\u00eb nderuar q\u00eb nuk \u00ebsht\u00eb m\u00eb k\u00ebtu, i cili p\u00ebr nj\u00eb jav\u00eb i lutej Arta Dades q\u00eb t\u00eb m\u00eb priste se e kishte g\u00ebnjyer Edi dhe ja kishte futur kot. Por na iku 1 vit KED.<\/span><\/em><\/p>\n<p><span style=\"color: #000000;\"><em>Kush b\u00ebri loj\u00eb me KED ku Ilir Meta ishte President edhe thirri drejtuesit e delegacionit evropian p\u00ebr ti b\u00ebr\u00eb t\u00eb qart\u00eb q\u00eb mos p\u00ebrs\u00ebriteshin problemet e 2016, pasi ram\u00eb dakord p\u00ebr \u00e7do gj\u00eb, EURALIUS tha se ne nuk vijm\u00eb dot se kemi porosi politike. Ta hetoj\u00eb BE nga ishte kjo porosi politike. Dhe t\u00eb shikojm\u00eb pse u kthye reforma n\u00eb Ramaform. &#8220;Ramaforma&#8221; \u00ebsht\u00eb nj\u00eb koloni e tiranis\u00eb personale t\u00eb nj\u00eb regjenti t\u00eb nj\u00eb fondacioni bot\u00ebror.\u00a0Shqiptar\u00ebt nuk mund ta pranojn\u00eb k\u00ebt\u00eb gj\u00eb&#8221;, tha Meta.<\/em><\/span><\/p>\n","protected":false,"gt_translate_keys":[{"key":"rendered","format":"html"}]},"excerpt":{"rendered":"<p>Presidenti i Republik\u00ebs Ilir Meta, ka nj\u00eb mesazh p\u00ebr miliarderin liberal George Soros. Ai thot\u00eb se kryeministri hungarez Viktor Orban e kishte paralajm\u00ebruar p\u00ebr rrezikun q\u00eb paraqiste George Soros, por ai nuk e kishte besuar. &#8221; Kam dy fjal\u00eb p\u00ebr George Soros. S&#8217;e kam d\u00ebgjuar me v\u00ebmendje Orbanin, kur i flisja me gjith\u00eb dashuri p\u00ebr [&hellip;]<\/p>\n","protected":false,"gt_translate_keys":[{"key":"rendered","format":"html"}]},"author":30,"featured_media":307717,"comment_status":"open","ping_status":"open","sticky":false,"template":"","format":"standard","meta":{"footnotes":""},"categories":[22,65,13],"tags":[],"class_list":["post-307716","post","type-post","status-publish","format-standard","has-post-thumbnail","hentry","category-ballina","category-lajme","category-te-fundit"],"gt_translate_keys":[{"key":"link","format":"url"}],"_links":{"self":[{"href":"https:\/\/www.hashtag.al\/index.php\/wp-json\/wp\/v2\/posts\/307716","targetHints":{"allow":["GET"]}}],"collection":[{"href":"https:\/\/www.hashtag.al\/index.php\/wp-json\/wp\/v2\/posts"}],"about":[{"href":"https:\/\/www.hashtag.al\/index.php\/wp-json\/wp\/v2\/types\/post"}],"author":[{"embeddable":true,"href":"https:\/\/www.hashtag.al\/index.php\/wp-json\/wp\/v2\/users\/30"}],"replies":[{"embeddable":true,"href":"https:\/\/www.hashtag.al\/index.php\/wp-json\/wp\/v2\/comments?post=307716"}],"version-history":[{"count":0,"href":"https:\/\/www.hashtag.al\/index.php\/wp-json\/wp\/v2\/posts\/307716\/revisions"}],"wp:featuredmedia":[{"embeddable":true,"href":"https:\/\/www.hashtag.al\/index.php\/wp-json\/wp\/v2\/media\/307717"}],"wp:attachment":[{"href":"https:\/\/www.hashtag.al\/index.php\/wp-json\/wp\/v2\/media?parent=307716"}],"wp:term":[{"taxonomy":"category","embeddable":true,"href":"https:\/\/www.hashtag.al\/index.php\/wp-json\/wp\/v2\/categories?post=307716"},{"taxonomy":"post_tag","embeddable":true,"href":"https:\/\/www.hashtag.al\/index.php\/wp-json\/wp\/v2\/tags?post=307716"}],"curies":[{"name":"wp","href":"https:\/\/api.w.org\/{rel}","templated":true}]}}