{"id":307638,"date":"2019-07-01T22:42:35","date_gmt":"2019-07-01T20:42:35","guid":{"rendered":"https:\/\/hashtag.al\/?p=307638"},"modified":"2019-07-01T22:42:35","modified_gmt":"2019-07-01T20:42:35","slug":"kryemadhi-aksioni-i-opozites-do-vije-hap-pas-hapi","status":"publish","type":"post","link":"https:\/\/www.hashtag.al\/index.php\/2019\/07\/01\/kryemadhi-aksioni-i-opozites-do-vije-hap-pas-hapi\/","title":{"rendered":"Kryemadhi: Aksioni i opozit\u00ebs do vij\u00eb hap pas hapi","gt_translate_keys":[{"key":"rendered","format":"text"}]},"content":{"rendered":"<p><img loading=\"lazy\" decoding=\"async\" class=\"aligncenter size-full wp-image-307341\" src=\"https:\/\/hashtag.al\/wp-content\/uploads\/2019\/06\/Kryemadhi30qershor.png\" alt=\"\" width=\"917\" height=\"706\" srcset=\"https:\/\/www.hashtag.al\/wp-content\/uploads\/2019\/06\/Kryemadhi30qershor.png 917w, https:\/\/www.hashtag.al\/wp-content\/uploads\/2019\/06\/Kryemadhi30qershor-300x231.png 300w, https:\/\/www.hashtag.al\/wp-content\/uploads\/2019\/06\/Kryemadhi30qershor-768x591.png 768w\" sizes=\"auto, (max-width: 917px) 100vw, 917px\" \/><\/p>\n<p><span style=\"color: #000000;\">Kryetarja e LSI-s\u00eb Monika Kryemadhi n\u00eb nj\u00eb lidhje direkte n\u00eb emisionin \u201cOpinion\u201d deklaroi se aksioni i opozit\u00ebs pas 30 qershorit do vij\u00eb hap pas hapi.<\/span><\/p>\n<p><span style=\"color: #000000;\">Kryemadhi edhe nj\u00eb her\u00eb i quajti zgjedhjet e 30 qershorit ilegjitime.<\/span><\/p>\n<p><span style=\"color: #000000;\">\u201cAksioni do t\u00eb jet\u00eb hap pas hapi, k\u00ebt\u00eb jav\u00eb \u00ebsht\u00eb konsultimi yn\u00eb me partit\u00eb aleate. Do vazhdojm\u00eb gjith\u00eb procesin q\u00eb do vij\u00eb n\u00eb m\u00ebnyr\u00eb t\u00eb nj\u00ebpasnj\u00ebshme. Nuk \u00ebsht\u00eb problemi aty, tek z\u00ebnia e zyrave, ata nuk do t\u00eb shkojn\u00eb n\u00eb zyr\u00eb asnj\u00ebher\u00eb. E di sa gj\u00ebra do ndodhin deri n\u00eb 12 gusht\u201d, tha Monika Kryemadhi.<\/span><\/p>\n<p><span style=\"color: #000000;\">Sipas saj n\u00eb 30 qershor nuk kishte zgjedhje, por vet\u00ebm votime dhe ndaj opozita nuk nd\u00ebrhyri. Kryemadhi tha se edhe OSBE\/ OHDIR deklaroi qart\u00eb se n\u00eb 30 qershor nuk kishte zgjedhje, por vet\u00ebm votime.<\/span><\/p>\n<p><span style=\"color: #000000;\">Sa i p\u00ebrket deklarat\u00ebs s\u00eb z\u00ebdh\u00ebn\u00ebses s\u00eb Komisionit Evropian, Kryemadhi tha: Zonja q\u00eb ka b\u00ebr\u00eb deklarat\u00ebn nuk e ka shkruar vet\u00eb, ia kan\u00eb shkruar t\u00eb tjer\u00ebt. Zonja nuk e ka t\u00eb qart\u00eb q\u00eb faktikisht ka nj\u00eb ng\u00ebr\u00e7 shum\u00eb t\u00eb madh n\u00eb at\u00eb q\u00eb thot\u00eb. Ajo thot\u00eb t\u00eb shkojn\u00eb n\u00eb zyr\u00eb, kush t\u00eb shkojn\u00eb n\u00eb zyr\u00eb. Po kush?<\/span><\/p>\n<p><span style=\"color: #000000;\">N\u00eb lidhje me reagimin e ambasad\u00ebs Amerikane ajo tha se e mb\u00ebshtet at\u00eb. Sipas saj zgjedhje do t\u00eb ket\u00eb n\u00eb 13 tetor, pasi dekretin e Presidentit nuk e gjykon dot tjet\u00ebr gjykat\u00eb, vet\u00ebm ajo Kushtetuese si\u00e7 e m\u00ebshtet dhe OSBE\/ OHDIR.<\/span><\/p>\n","protected":false,"gt_translate_keys":[{"key":"rendered","format":"html"}]},"excerpt":{"rendered":"<p>Kryetarja e LSI-s\u00eb Monika Kryemadhi n\u00eb nj\u00eb lidhje direkte n\u00eb emisionin \u201cOpinion\u201d deklaroi se aksioni i opozit\u00ebs pas 30 qershorit do vij\u00eb hap pas hapi. Kryemadhi edhe nj\u00eb her\u00eb i quajti zgjedhjet e 30 qershorit ilegjitime. \u201cAksioni do t\u00eb jet\u00eb hap pas hapi, k\u00ebt\u00eb jav\u00eb \u00ebsht\u00eb konsultimi yn\u00eb me partit\u00eb aleate. Do vazhdojm\u00eb gjith\u00eb procesin [&hellip;]<\/p>\n","protected":false,"gt_translate_keys":[{"key":"rendered","format":"html"}]},"author":32,"featured_media":307341,"comment_status":"open","ping_status":"open","sticky":false,"template":"","format":"standard","meta":{"footnotes":""},"categories":[65,13],"tags":[],"class_list":["post-307638","post","type-post","status-publish","format-standard","has-post-thumbnail","hentry","category-lajme","category-te-fundit"],"gt_translate_keys":[{"key":"link","format":"url"}],"_links":{"self":[{"href":"https:\/\/www.hashtag.al\/index.php\/wp-json\/wp\/v2\/posts\/307638","targetHints":{"allow":["GET"]}}],"collection":[{"href":"https:\/\/www.hashtag.al\/index.php\/wp-json\/wp\/v2\/posts"}],"about":[{"href":"https:\/\/www.hashtag.al\/index.php\/wp-json\/wp\/v2\/types\/post"}],"author":[{"embeddable":true,"href":"https:\/\/www.hashtag.al\/index.php\/wp-json\/wp\/v2\/users\/32"}],"replies":[{"embeddable":true,"href":"https:\/\/www.hashtag.al\/index.php\/wp-json\/wp\/v2\/comments?post=307638"}],"version-history":[{"count":0,"href":"https:\/\/www.hashtag.al\/index.php\/wp-json\/wp\/v2\/posts\/307638\/revisions"}],"wp:featuredmedia":[{"embeddable":true,"href":"https:\/\/www.hashtag.al\/index.php\/wp-json\/wp\/v2\/media\/307341"}],"wp:attachment":[{"href":"https:\/\/www.hashtag.al\/index.php\/wp-json\/wp\/v2\/media?parent=307638"}],"wp:term":[{"taxonomy":"category","embeddable":true,"href":"https:\/\/www.hashtag.al\/index.php\/wp-json\/wp\/v2\/categories?post=307638"},{"taxonomy":"post_tag","embeddable":true,"href":"https:\/\/www.hashtag.al\/index.php\/wp-json\/wp\/v2\/tags?post=307638"}],"curies":[{"name":"wp","href":"https:\/\/api.w.org\/{rel}","templated":true}]}}