{"id":307632,"date":"2019-07-01T22:02:55","date_gmt":"2019-07-01T20:02:55","guid":{"rendered":"https:\/\/hashtag.al\/?p=307632"},"modified":"2019-07-01T22:02:55","modified_gmt":"2019-07-01T20:02:55","slug":"basha-mbledh-artistet-dhe-intelektualet-e-nismes-edheune","status":"publish","type":"post","link":"https:\/\/www.hashtag.al\/index.php\/2019\/07\/01\/basha-mbledh-artistet-dhe-intelektualet-e-nismes-edheune\/","title":{"rendered":"Basha mbledh artist\u00ebt dhe intelektual\u00ebt e nism\u00ebs #edheun\u00eb","gt_translate_keys":[{"key":"rendered","format":"text"}]},"content":{"rendered":"<p><img loading=\"lazy\" decoding=\"async\" class=\"aligncenter size-full wp-image-307634\" src=\"https:\/\/hashtag.al\/wp-content\/uploads\/2019\/07\/WhatsApp-Image-2019-07-01-at-21.49.32-1.jpeg\" alt=\"\" width=\"1280\" height=\"960\" srcset=\"https:\/\/www.hashtag.al\/wp-content\/uploads\/2019\/07\/WhatsApp-Image-2019-07-01-at-21.49.32-1.jpeg 1280w, https:\/\/www.hashtag.al\/wp-content\/uploads\/2019\/07\/WhatsApp-Image-2019-07-01-at-21.49.32-1-300x225.jpeg 300w, https:\/\/www.hashtag.al\/wp-content\/uploads\/2019\/07\/WhatsApp-Image-2019-07-01-at-21.49.32-1-768x576.jpeg 768w, https:\/\/www.hashtag.al\/wp-content\/uploads\/2019\/07\/WhatsApp-Image-2019-07-01-at-21.49.32-1-1024x768.jpeg 1024w\" sizes=\"auto, (max-width: 1280px) 100vw, 1280px\" \/><\/p>\n<p><span style=\"color: #000000;\">Kreu i opozit\u00ebs Lulzim Basha ka mbledhur s\u00eb bashku artis\u00eb dhe intelektual\u00eb t\u00eb cil\u00ebt ishin pjes\u00eb e nism\u00ebs \u201cedhe un\u00eb\u201d p\u00ebr t\u00eb mos marr\u00eb pjes\u00eb n\u00eb zgjedhjet e 30 qershorit.<\/span><\/p>\n<p><span style=\"color: #000000;\">Nisma #edheun\u00eb e krijuar para zgjedhjeve t\u00eb 30 qershorit kishte p\u00ebr q\u00ebllim q\u00eb t\u00eb sensibilizonte qytetar\u00ebt p\u00ebr t\u00eb bojkotuar votimet.<\/span><\/p>\n<p><span style=\"color: #000000;\">Qindra qytetar\u00eb u bashkuan n\u00eb k\u00ebt\u00eb nism\u00eb dhe si duket nga rezultatet e 30 qershorit zgjedhjet pat\u00ebn bojkot n\u00eb nj\u00eb mas\u00eb shum\u00eb t\u00eb lart\u00eb n\u00eb raport me votuesit.<\/span><\/p>\n<p><img loading=\"lazy\" decoding=\"async\" class=\"aligncenter size-full wp-image-307633\" src=\"https:\/\/hashtag.al\/wp-content\/uploads\/2019\/07\/WhatsApp-Image-2019-07-01-at-21.49.32.jpeg\" alt=\"\" width=\"1280\" height=\"960\" srcset=\"https:\/\/www.hashtag.al\/wp-content\/uploads\/2019\/07\/WhatsApp-Image-2019-07-01-at-21.49.32.jpeg 1280w, https:\/\/www.hashtag.al\/wp-content\/uploads\/2019\/07\/WhatsApp-Image-2019-07-01-at-21.49.32-300x225.jpeg 300w, https:\/\/www.hashtag.al\/wp-content\/uploads\/2019\/07\/WhatsApp-Image-2019-07-01-at-21.49.32-768x576.jpeg 768w, https:\/\/www.hashtag.al\/wp-content\/uploads\/2019\/07\/WhatsApp-Image-2019-07-01-at-21.49.32-1024x768.jpeg 1024w\" sizes=\"auto, (max-width: 1280px) 100vw, 1280px\" \/><\/p>\n","protected":false,"gt_translate_keys":[{"key":"rendered","format":"html"}]},"excerpt":{"rendered":"<p>Kreu i opozit\u00ebs Lulzim Basha ka mbledhur s\u00eb bashku artis\u00eb dhe intelektual\u00eb t\u00eb cil\u00ebt ishin pjes\u00eb e nism\u00ebs \u201cedhe un\u00eb\u201d p\u00ebr t\u00eb mos marr\u00eb pjes\u00eb n\u00eb zgjedhjet e 30 qershorit. Nisma #edheun\u00eb e krijuar para zgjedhjeve t\u00eb 30 qershorit kishte p\u00ebr q\u00ebllim q\u00eb t\u00eb sensibilizonte qytetar\u00ebt p\u00ebr t\u00eb bojkotuar votimet. Qindra qytetar\u00eb u bashkuan n\u00eb [&hellip;]<\/p>\n","protected":false,"gt_translate_keys":[{"key":"rendered","format":"html"}]},"author":32,"featured_media":307633,"comment_status":"open","ping_status":"open","sticky":false,"template":"","format":"standard","meta":{"footnotes":""},"categories":[65,13],"tags":[],"class_list":["post-307632","post","type-post","status-publish","format-standard","has-post-thumbnail","hentry","category-lajme","category-te-fundit"],"gt_translate_keys":[{"key":"link","format":"url"}],"_links":{"self":[{"href":"https:\/\/www.hashtag.al\/index.php\/wp-json\/wp\/v2\/posts\/307632","targetHints":{"allow":["GET"]}}],"collection":[{"href":"https:\/\/www.hashtag.al\/index.php\/wp-json\/wp\/v2\/posts"}],"about":[{"href":"https:\/\/www.hashtag.al\/index.php\/wp-json\/wp\/v2\/types\/post"}],"author":[{"embeddable":true,"href":"https:\/\/www.hashtag.al\/index.php\/wp-json\/wp\/v2\/users\/32"}],"replies":[{"embeddable":true,"href":"https:\/\/www.hashtag.al\/index.php\/wp-json\/wp\/v2\/comments?post=307632"}],"version-history":[{"count":0,"href":"https:\/\/www.hashtag.al\/index.php\/wp-json\/wp\/v2\/posts\/307632\/revisions"}],"wp:featuredmedia":[{"embeddable":true,"href":"https:\/\/www.hashtag.al\/index.php\/wp-json\/wp\/v2\/media\/307633"}],"wp:attachment":[{"href":"https:\/\/www.hashtag.al\/index.php\/wp-json\/wp\/v2\/media?parent=307632"}],"wp:term":[{"taxonomy":"category","embeddable":true,"href":"https:\/\/www.hashtag.al\/index.php\/wp-json\/wp\/v2\/categories?post=307632"},{"taxonomy":"post_tag","embeddable":true,"href":"https:\/\/www.hashtag.al\/index.php\/wp-json\/wp\/v2\/tags?post=307632"}],"curies":[{"name":"wp","href":"https:\/\/api.w.org\/{rel}","templated":true}]}}