{"id":307425,"date":"2019-07-01T09:31:07","date_gmt":"2019-07-01T07:31:07","guid":{"rendered":"https:\/\/hashtag.al\/?p=307425"},"modified":"2019-07-01T09:52:22","modified_gmt":"2019-07-01T07:52:22","slug":"atentat-pas-mesnate-ne-elbasan-ndaj-dy-vellezerve-vritet-njeri-prej-tyre","status":"publish","type":"post","link":"https:\/\/www.hashtag.al\/index.php\/2019\/07\/01\/atentat-pas-mesnate-ne-elbasan-ndaj-dy-vellezerve-vritet-njeri-prej-tyre\/","title":{"rendered":"Atentat pas mesnate n\u00eb Elbasan ndaj dy v\u00ebllez\u00ebrve, vritet nj\u00ebri prej tyre","gt_translate_keys":[{"key":"rendered","format":"text"}]},"content":{"rendered":"<p><span style=\"color: #000000;\"><img loading=\"lazy\" decoding=\"async\" class=\"aligncenter size-full wp-image-307426\" src=\"https:\/\/hashtag.al\/wp-content\/uploads\/2019\/07\/Sander-Baho-Klevi-Baho.jpg\" alt=\"\" width=\"2000\" height=\"922\" srcset=\"https:\/\/www.hashtag.al\/wp-content\/uploads\/2019\/07\/Sander-Baho-Klevi-Baho.jpg 2000w, https:\/\/www.hashtag.al\/wp-content\/uploads\/2019\/07\/Sander-Baho-Klevi-Baho-300x138.jpg 300w, https:\/\/www.hashtag.al\/wp-content\/uploads\/2019\/07\/Sander-Baho-Klevi-Baho-768x354.jpg 768w, https:\/\/www.hashtag.al\/wp-content\/uploads\/2019\/07\/Sander-Baho-Klevi-Baho-1024x472.jpg 1024w\" sizes=\"auto, (max-width: 2000px) 100vw, 2000px\" \/><\/span><\/p>\n<p><span style=\"color: #000000;\">Nj\u00eb ngjarje e r\u00ebnd\u00eb ka ndodhur n\u00eb Elbasan, ku dy v\u00ebllez\u00ebr jan\u00eb q\u00eblluar me bresh\u00ebri plumbash. Nj\u00ebri prej tyre ka humbur jet\u00ebn e tjetri ka mbetur i plagosur.<\/span><\/p>\n<p><span style=\"color: #000000;\">Ngjarja ka ndodhur pas mesnate n\u00eb fshatin Broshk\u00eb n\u00eb Elbasan, 24-vje\u00e7ari Klevi Baho ka humbur jet\u00ebn n\u00eb vend nga bresh\u00ebria e plumbave. Ai kishte vet\u00ebm pak dit\u00eb q\u00eb kishte l\u00ebn\u00eb qelin\u00eb e burgut n\u00eb Itali.<\/span><\/p>\n<p><span style=\"color: #000000;\">I plagosur ka mbetur v\u00ebllai i viktim\u00ebs i identifikuar si Sand\u00ebr Baho, 30-vje\u00e7, i cili dyshohet se ishte edhe sh\u00ebnjestra e atentatit.<\/span><\/p>\n<p><span style=\"color: #000000;\">Dy v\u00ebllez\u00ebrit po udh\u00ebtonin s\u00eb bashku me nj\u00eb makin\u00eb tip \u201cAudi\u201d n\u00eb aksin rrugor Peqin-Elbasan, kur disa persona t\u00eb panjohur kan\u00eb q\u00eblluar me arm\u00eb zjarri ndaj tyre.<\/span><\/p>\n<p><span style=\"color: #000000;\">30-vje\u00e7ari ka marr\u00eb tre plumba n\u00eb pjes\u00ebn e shpatull\u00ebs, por fatmir\u00ebsisht ndodhet jasht\u00eb rrezikut p\u00ebr jet\u00ebn dhe po mbahet n\u00eb kujdes intensiv nga mjek\u00ebt.<\/span><\/p>\n<p><span style=\"color: #000000;\">Ende nuk dihet se kush mund t\u00eb jet\u00eb autori\/\u00ebt dhe cilat jan\u00eb motivet e k\u00ebtij atentati, por policia ka nisur hetimet.<strong>\/Hashtag.al<\/strong><\/span><\/p>\n","protected":false,"gt_translate_keys":[{"key":"rendered","format":"html"}]},"excerpt":{"rendered":"<p>Nj\u00eb ngjarje e r\u00ebnd\u00eb ka ndodhur n\u00eb Elbasan, ku dy v\u00ebllez\u00ebr jan\u00eb q\u00eblluar me bresh\u00ebri plumbash. Nj\u00ebri prej tyre ka humbur jet\u00ebn e tjetri ka mbetur i plagosur. Ngjarja ka ndodhur pas mesnate n\u00eb fshatin Broshk\u00eb n\u00eb Elbasan, 24-vje\u00e7ari Klevi Baho ka humbur jet\u00ebn n\u00eb vend nga bresh\u00ebria e plumbave. Ai kishte vet\u00ebm pak dit\u00eb [&hellip;]<\/p>\n","protected":false,"gt_translate_keys":[{"key":"rendered","format":"html"}]},"author":30,"featured_media":307426,"comment_status":"open","ping_status":"open","sticky":false,"template":"","format":"standard","meta":{"footnotes":""},"categories":[22,65],"tags":[],"class_list":["post-307425","post","type-post","status-publish","format-standard","has-post-thumbnail","hentry","category-ballina","category-lajme"],"gt_translate_keys":[{"key":"link","format":"url"}],"_links":{"self":[{"href":"https:\/\/www.hashtag.al\/index.php\/wp-json\/wp\/v2\/posts\/307425","targetHints":{"allow":["GET"]}}],"collection":[{"href":"https:\/\/www.hashtag.al\/index.php\/wp-json\/wp\/v2\/posts"}],"about":[{"href":"https:\/\/www.hashtag.al\/index.php\/wp-json\/wp\/v2\/types\/post"}],"author":[{"embeddable":true,"href":"https:\/\/www.hashtag.al\/index.php\/wp-json\/wp\/v2\/users\/30"}],"replies":[{"embeddable":true,"href":"https:\/\/www.hashtag.al\/index.php\/wp-json\/wp\/v2\/comments?post=307425"}],"version-history":[{"count":0,"href":"https:\/\/www.hashtag.al\/index.php\/wp-json\/wp\/v2\/posts\/307425\/revisions"}],"wp:featuredmedia":[{"embeddable":true,"href":"https:\/\/www.hashtag.al\/index.php\/wp-json\/wp\/v2\/media\/307426"}],"wp:attachment":[{"href":"https:\/\/www.hashtag.al\/index.php\/wp-json\/wp\/v2\/media?parent=307425"}],"wp:term":[{"taxonomy":"category","embeddable":true,"href":"https:\/\/www.hashtag.al\/index.php\/wp-json\/wp\/v2\/categories?post=307425"},{"taxonomy":"post_tag","embeddable":true,"href":"https:\/\/www.hashtag.al\/index.php\/wp-json\/wp\/v2\/tags?post=307425"}],"curies":[{"name":"wp","href":"https:\/\/api.w.org\/{rel}","templated":true}]}}