{"id":307337,"date":"2019-06-30T20:27:08","date_gmt":"2019-06-30T18:27:08","guid":{"rendered":"https:\/\/hashtag.al\/?p=307337"},"modified":"2019-06-30T20:30:53","modified_gmt":"2019-06-30T18:30:53","slug":"85-e-shqiptareve-e-refuzuan-ramen-asnje-lloj-manipulimi-se-shpeton-dot-pd","status":"publish","type":"post","link":"https:\/\/www.hashtag.al\/index.php\/2019\/06\/30\/85-e-shqiptareve-e-refuzuan-ramen-asnje-lloj-manipulimi-se-shpeton-dot-pd\/","title":{"rendered":"&#8216;85% e shqiptar\u00ebve e refuzuan Ram\u00ebn, asnj\u00eb lloj manipulimi s&#8217;e shp\u00ebton dot&#8217; &#8211; PD","gt_translate_keys":[{"key":"rendered","format":"text"}]},"content":{"rendered":"<p><img loading=\"lazy\" decoding=\"async\" class=\"aligncenter size-full wp-image-307338\" src=\"https:\/\/hashtag.al\/wp-content\/uploads\/2019\/06\/ik.jpg\" alt=\"\" width=\"1280\" height=\"853\" srcset=\"https:\/\/www.hashtag.al\/wp-content\/uploads\/2019\/06\/ik.jpg 1280w, https:\/\/www.hashtag.al\/wp-content\/uploads\/2019\/06\/ik-300x200.jpg 300w, https:\/\/www.hashtag.al\/wp-content\/uploads\/2019\/06\/ik-768x512.jpg 768w, https:\/\/www.hashtag.al\/wp-content\/uploads\/2019\/06\/ik-1024x682.jpg 1024w\" sizes=\"auto, (max-width: 1280px) 100vw, 1280px\" \/><\/p>\n<p><span style=\"color: #000000;\">Partia Demokratike ka deklaruar se numri i votuesve dit\u00ebn e sotme nga m\u00ebngjesi deri n\u00eb mbylljen e qendrave t\u00eb votimit ka qen\u00eb 15%. <\/span><\/p>\n<p><span style=\"color: #000000;\">N\u00eb nj\u00eb deklarat\u00eb p\u00ebr mediat nga selia blu, Sekretari p\u00ebr \u00c7\u00ebshtjet Zgjedhore, Kaso, deklaroi se pavar\u00ebsisht parregullsive q\u00eb jan\u00eb denoncuar nga mediat dhe qeveritar\u00ebt, asgj\u00eb nuk e shp\u00ebton Ram\u00ebn q\u00eb \u00ebsht\u00eb refuzuar nga qytetar\u00ebt.<\/span><\/p>\n<p><span style=\"color: #000000;\"><em>\u2018Operacioni i drejtuar nga Edi Rama p\u00ebr falsifikimin e pjes\u00ebmarrjes n\u00eb votimet nj\u00ebpartiake dhe t\u00eb paligjshme po vijon deri n\u00eb fund. Komisioni Qendror Zgjedhor i paligjsh\u00ebm me 4 an\u00ebtar\u00eb nga Partia Socialiste mashtroi shqiptar\u00ebt dhe partner\u00ebt p\u00ebr numrin e v\u00ebrtet\u00eb t\u00eb atyre q\u00eb kan\u00eb votuar gjat\u00eb gjith\u00eb dit\u00ebs e deri n\u00eb fund t\u00eb fars\u00ebs. <\/em><\/span><\/p>\n<p><span style=\"color: #000000;\"><em>Nga monitorimi i t\u00eb gjith\u00eb qendrave t\u00eb votimit deri n\u00eb mbylljen e tyre n\u00eb oren 19:00 ka rezultuar se pjes\u00ebmarrja faktike n\u00eb rang vendi \u00ebsht\u00eb 15% PD paralajm\u00ebron kamikaz\u00ebt politik\u00eb t\u00eb KQZ-s\u00eb se do mbajn\u00eb p\u00ebrgjegj\u00ebsi p\u00ebr falsifikimin q\u00eb ka\u00eb kryer. Megjith\u00eb shkeljet e panum\u00ebrta t\u00eb denoncuara nga media dhe qytetar\u00ebt q\u00eb nga votuesit sh\u00ebtit\u00ebs q\u00eb votojn\u00eb disa her\u00eb, tek blerja e votave dhe mbushja e kutive, te komisionet e votimit me nj\u00eb an\u00ebtar, q\u00eb nga votimi n\u00eb grup, deri tek votimi i hapur.<\/em><\/span><\/p>\n<p><span style=\"color: #000000;\"><em>Te k\u00ebrc\u00ebnimet dhe shantazhet e zyrtar\u00ebve dhe grupeve kriminale\u00a0 e deri tek mbushja fiktive e listave t\u00eb votuesve me emrat e emigrant\u00ebve edhe pse n\u00eb k\u00ebt\u00eb faz\u00eb ai vet\u00eb kandidon, vet\u00eb voton, vet\u00eb num\u00ebron paniku i Edi Ram\u00ebs nga braktisja dhe refuzimi popullor e ka shtyr\u00eb drejt manipulimit flagrant t\u00eb numrit t\u00eb votuesve. As mbushja e kutive q\u00eb po ndodh n\u00eb k\u00ebto momente dhe as manipulimi i numrit t\u00eb votuesve nuk e shp\u00ebtojn\u00eb Ram\u00ebn nga ajo q\u00eb e din\u00eb t\u00eb gjith\u00eb tashm\u00eb. Shqiptar\u00ebt e kan\u00eb refuzuar.\u2019<\/em><\/span><\/p>\n","protected":false,"gt_translate_keys":[{"key":"rendered","format":"html"}]},"excerpt":{"rendered":"<p>Partia Demokratike ka deklaruar se numri i votuesve dit\u00ebn e sotme nga m\u00ebngjesi deri n\u00eb mbylljen e qendrave t\u00eb votimit ka qen\u00eb 15%. N\u00eb nj\u00eb deklarat\u00eb p\u00ebr mediat nga selia blu, Sekretari p\u00ebr \u00c7\u00ebshtjet Zgjedhore, Kaso, deklaroi se pavar\u00ebsisht parregullsive q\u00eb jan\u00eb denoncuar nga mediat dhe qeveritar\u00ebt, asgj\u00eb nuk e shp\u00ebton Ram\u00ebn q\u00eb \u00ebsht\u00eb refuzuar [&hellip;]<\/p>\n","protected":false,"gt_translate_keys":[{"key":"rendered","format":"html"}]},"author":51,"featured_media":307338,"comment_status":"open","ping_status":"open","sticky":false,"template":"","format":"standard","meta":{"footnotes":""},"categories":[65,13],"tags":[],"class_list":["post-307337","post","type-post","status-publish","format-standard","has-post-thumbnail","hentry","category-lajme","category-te-fundit"],"gt_translate_keys":[{"key":"link","format":"url"}],"_links":{"self":[{"href":"https:\/\/www.hashtag.al\/index.php\/wp-json\/wp\/v2\/posts\/307337","targetHints":{"allow":["GET"]}}],"collection":[{"href":"https:\/\/www.hashtag.al\/index.php\/wp-json\/wp\/v2\/posts"}],"about":[{"href":"https:\/\/www.hashtag.al\/index.php\/wp-json\/wp\/v2\/types\/post"}],"author":[{"embeddable":true,"href":"https:\/\/www.hashtag.al\/index.php\/wp-json\/wp\/v2\/users\/51"}],"replies":[{"embeddable":true,"href":"https:\/\/www.hashtag.al\/index.php\/wp-json\/wp\/v2\/comments?post=307337"}],"version-history":[{"count":0,"href":"https:\/\/www.hashtag.al\/index.php\/wp-json\/wp\/v2\/posts\/307337\/revisions"}],"wp:featuredmedia":[{"embeddable":true,"href":"https:\/\/www.hashtag.al\/index.php\/wp-json\/wp\/v2\/media\/307338"}],"wp:attachment":[{"href":"https:\/\/www.hashtag.al\/index.php\/wp-json\/wp\/v2\/media?parent=307337"}],"wp:term":[{"taxonomy":"category","embeddable":true,"href":"https:\/\/www.hashtag.al\/index.php\/wp-json\/wp\/v2\/categories?post=307337"},{"taxonomy":"post_tag","embeddable":true,"href":"https:\/\/www.hashtag.al\/index.php\/wp-json\/wp\/v2\/tags?post=307337"}],"curies":[{"name":"wp","href":"https:\/\/api.w.org\/{rel}","templated":true}]}}