{"id":307123,"date":"2019-06-29T22:55:41","date_gmt":"2019-06-29T20:55:41","guid":{"rendered":"https:\/\/hashtag.al\/?p=307123"},"modified":"2019-06-29T22:55:41","modified_gmt":"2019-06-29T20:55:41","slug":"meta-reagon-per-dhunen-ndaj-gazetarit-te-ndeshkohen-autoret-liria-e-medias-kusht-i-pazevendesueshem","status":"publish","type":"post","link":"https:\/\/www.hashtag.al\/index.php\/2019\/06\/29\/meta-reagon-per-dhunen-ndaj-gazetarit-te-ndeshkohen-autoret-liria-e-medias-kusht-i-pazevendesueshem\/","title":{"rendered":"Meta reagon p\u00ebr dhun\u00ebn ndaj gazetarit: T\u00eb nd\u00ebshkohen autor\u00ebt, liria e medias kusht i paz\u00ebvend\u00ebsuesh\u00ebm","gt_translate_keys":[{"key":"rendered","format":"text"}]},"content":{"rendered":"<p><img loading=\"lazy\" decoding=\"async\" class=\"aligncenter size-full wp-image-306098\" src=\"https:\/\/hashtag.al\/wp-content\/uploads\/2019\/06\/presidenti-ilir-meta.jpg\" alt=\"\" width=\"780\" height=\"440\" srcset=\"https:\/\/www.hashtag.al\/wp-content\/uploads\/2019\/06\/presidenti-ilir-meta.jpg 780w, https:\/\/www.hashtag.al\/wp-content\/uploads\/2019\/06\/presidenti-ilir-meta-300x169.jpg 300w, https:\/\/www.hashtag.al\/wp-content\/uploads\/2019\/06\/presidenti-ilir-meta-768x433.jpg 768w\" sizes=\"auto, (max-width: 780px) 100vw, 780px\" \/><\/p>\n<p><span style=\"color: #000000;\">Presidenti Ilir Meta ka reaguar pas dhunimit t\u00eb gazetarit , Enver Do\u00e7i, duke e cil\u00ebsuar nj\u00eb akt t\u00eb r\u00ebnd\u00eb.<\/span><\/p>\n<p><span style=\"color: #000000;\">M\u00eb tej, Meta ka apeluar p\u00ebr zbardhje e plot\u00eb t\u00eb ngjarjes dhe nd\u00ebshkimin e autor\u00ebve, duke theksuar se liria e medias \u201c\u00ebsht\u00eb kusht i paz\u00ebvend\u00ebsuesh\u00ebm p\u00ebr garantimin e t\u00eb drejtave t\u00eb njeriut n\u00eb nj\u00eb shoq\u00ebri demokratike\u201d.<\/span><\/p>\n<p><span style=\"color: #000000;\"><strong>Reagimi i Kreu t\u00eb Shtetit:<\/strong><\/span><\/p>\n<p><span style=\"color: #000000;\">Presidenti i Republik\u00ebs Sh.T.Z Ilir Meta d\u00ebnon me forc\u00eb dhun\u00ebn fizike t\u00eb ushtruar nga punonj\u00ebs t\u00eb Policis\u00eb s\u00eb Shtetit ndaj gazetarit t\u00eb \u201cNews 24\u201d, z.Enver Do\u00e7i, i cili ishte n\u00eb krye t\u00eb detyr\u00ebs.<\/span><\/p>\n<p><span style=\"color: #000000;\">Presidenti Meta duke i uruar sh\u00ebrim t\u00eb shpejt\u00eb, shpreh solidaritetin e plot\u00eb me z.Do\u00e7i dhe t\u00eb gjith\u00eb gazetar\u00ebt q\u00eb me guxim, kurajo e profesionaliz\u00ebm i sh\u00ebrbejn\u00eb interesit publik p\u00ebrmes fakteve dhe t\u00eb v\u00ebrtetave.<\/span><\/p>\n<p><span style=\"color: #000000;\">Presidenti Meta apelon zbardhjen e plot\u00eb dhe hetimin me p\u00ebrgjegjshm\u00ebri maksimale t\u00eb k\u00ebsaj ngjarjeje t\u00eb r\u00ebnd\u00eb duke p\u00ebrs\u00ebritur thirrjen e tij p\u00ebr nd\u00ebshkimin e t\u00eb gjith\u00eb autor\u00ebve t\u00eb dhun\u00ebs, shantazhit, k\u00ebrc\u00ebnimeve e presionit ndaj gazetar\u00ebve.<\/span><\/p>\n<p><span style=\"color: #000000;\">Liria e medias \u00ebsht\u00eb kusht i paz\u00ebvend\u00ebsuesh\u00ebm p\u00ebr garantimin e t\u00eb drejtave t\u00eb njeriut n\u00eb nj\u00eb shoq\u00ebri demokratike.<\/span><\/p>\n<p><img loading=\"lazy\" decoding=\"async\" class=\"aligncenter size-full wp-image-307121\" src=\"https:\/\/hashtag.al\/wp-content\/uploads\/2019\/06\/doci.png\" alt=\"\" width=\"760\" height=\"409\" srcset=\"https:\/\/www.hashtag.al\/wp-content\/uploads\/2019\/06\/doci.png 760w, https:\/\/www.hashtag.al\/wp-content\/uploads\/2019\/06\/doci-300x160.png 300w\" sizes=\"auto, (max-width: 760px) 100vw, 760px\" \/><\/p>\n","protected":false,"gt_translate_keys":[{"key":"rendered","format":"html"}]},"excerpt":{"rendered":"<p>Presidenti Ilir Meta ka reaguar pas dhunimit t\u00eb gazetarit , Enver Do\u00e7i, duke e cil\u00ebsuar nj\u00eb akt t\u00eb r\u00ebnd\u00eb. M\u00eb tej, Meta ka apeluar p\u00ebr zbardhje e plot\u00eb t\u00eb ngjarjes dhe nd\u00ebshkimin e autor\u00ebve, duke theksuar se liria e medias \u201c\u00ebsht\u00eb kusht i paz\u00ebvend\u00ebsuesh\u00ebm p\u00ebr garantimin e t\u00eb drejtave t\u00eb njeriut n\u00eb nj\u00eb shoq\u00ebri demokratike\u201d. [&hellip;]<\/p>\n","protected":false,"gt_translate_keys":[{"key":"rendered","format":"html"}]},"author":32,"featured_media":304721,"comment_status":"open","ping_status":"open","sticky":false,"template":"","format":"standard","meta":{"footnotes":""},"categories":[65,13],"tags":[],"class_list":["post-307123","post","type-post","status-publish","format-standard","has-post-thumbnail","hentry","category-lajme","category-te-fundit"],"gt_translate_keys":[{"key":"link","format":"url"}],"_links":{"self":[{"href":"https:\/\/www.hashtag.al\/index.php\/wp-json\/wp\/v2\/posts\/307123","targetHints":{"allow":["GET"]}}],"collection":[{"href":"https:\/\/www.hashtag.al\/index.php\/wp-json\/wp\/v2\/posts"}],"about":[{"href":"https:\/\/www.hashtag.al\/index.php\/wp-json\/wp\/v2\/types\/post"}],"author":[{"embeddable":true,"href":"https:\/\/www.hashtag.al\/index.php\/wp-json\/wp\/v2\/users\/32"}],"replies":[{"embeddable":true,"href":"https:\/\/www.hashtag.al\/index.php\/wp-json\/wp\/v2\/comments?post=307123"}],"version-history":[{"count":0,"href":"https:\/\/www.hashtag.al\/index.php\/wp-json\/wp\/v2\/posts\/307123\/revisions"}],"wp:featuredmedia":[{"embeddable":true,"href":"https:\/\/www.hashtag.al\/index.php\/wp-json\/wp\/v2\/media\/304721"}],"wp:attachment":[{"href":"https:\/\/www.hashtag.al\/index.php\/wp-json\/wp\/v2\/media?parent=307123"}],"wp:term":[{"taxonomy":"category","embeddable":true,"href":"https:\/\/www.hashtag.al\/index.php\/wp-json\/wp\/v2\/categories?post=307123"},{"taxonomy":"post_tag","embeddable":true,"href":"https:\/\/www.hashtag.al\/index.php\/wp-json\/wp\/v2\/tags?post=307123"}],"curies":[{"name":"wp","href":"https:\/\/api.w.org\/{rel}","templated":true}]}}