{"id":306972,"date":"2019-06-29T09:30:42","date_gmt":"2019-06-29T07:30:42","guid":{"rendered":"https:\/\/hashtag.al\/?p=306972"},"modified":"2019-06-29T00:42:55","modified_gmt":"2019-06-28T22:42:55","slug":"zgjidhet-gruaja-e-pare-me-ngjyre-ne-krye-te-liberaleve-suedeze","status":"publish","type":"post","link":"https:\/\/www.hashtag.al\/index.php\/2019\/06\/29\/zgjidhet-gruaja-e-pare-me-ngjyre-ne-krye-te-liberaleve-suedeze\/","title":{"rendered":"Zgjidhet gruaja e par\u00eb me ngjyr\u00eb n\u00eb krye t\u00eb liberal\u00ebve suedez\u00eb","gt_translate_keys":[{"key":"rendered","format":"text"}]},"content":{"rendered":"<p><img loading=\"lazy\" decoding=\"async\" class=\"aligncenter size-full wp-image-306973\" src=\"https:\/\/hashtag.al\/wp-content\/uploads\/2019\/06\/grua.jpg\" alt=\"\" width=\"600\" height=\"360\" srcset=\"https:\/\/www.hashtag.al\/wp-content\/uploads\/2019\/06\/grua.jpg 600w, https:\/\/www.hashtag.al\/wp-content\/uploads\/2019\/06\/grua-300x180.jpg 300w\" sizes=\"auto, (max-width: 600px) 100vw, 600px\" \/><\/p>\n<p><span style=\"color: #000000;\">Partia Liberale Suedeze zgjedh p\u00ebr her\u00eb t\u00eb par\u00eb nj\u00eb lidere me ngjyr\u00eb. Politikania e cila \u00ebsht\u00eb zgjedhur n\u00eb krye t\u00eb Partis\u00eb liberale \u00ebsht\u00eb Nyamko Sabuni, 50 vje\u00e7, ish-ministre me origjin\u00eb nga Burundi dhe e ardhur n\u00eb Suedi n\u00eb vitet \u201980 pasi babai kishte p\u00ebrfituar azil politik.<\/span><\/p>\n<p><span style=\"color: #000000;\">N\u00eb fjalimin e saj t\u00eb par\u00eb pasditen e s\u00eb premtes, Sabuni falenderoi an\u00ebtar\u00ebt e partis\u00eb s\u00eb saj p\u00ebr besmin.<\/span><\/p>\n<p><span style=\"color: #000000;\">-\u201cUn\u00eb premtoj t\u00eb b\u00ebj \u00e7mos p\u00ebr t\u2019i q\u00ebndruar k\u00ebsaj\u201d, tha ajo n\u00eb fjalimin e saj t\u00eb par\u00eb si udh\u00ebheq\u00ebse e partis\u00eb, citon <span style=\"color: #0000ff;\"><a style=\"color: #0000ff;\" href=\"https:\/\/www.svt.se\/nyheter\/inrikes\/nyamko-sabunis-forsta-tal-som-partiledare\">SVT<\/a><\/span>.<\/span><\/p>\n<p><span style=\"color: #000000;\">Fillimisht, ajo fal\u00ebnderoi dy kandidat\u00ebt e tjer\u00eb Erik Ullenhag dhe Johan Pehrson me t\u00eb cil\u00ebt ajo b\u00ebri fushat\u00eb muajin e kaluar. Ajo theksoi ve\u00e7antin\u00eb e zgjedhjes.<\/span><\/p>\n<p><span style=\"color: #000000;\">-&#8220;Kjo dit\u00eb \u00ebsht\u00eb fundi i nj\u00eb procesi historik dhe unik. Asnj\u00eb udh\u00ebheq\u00ebs i partis\u00eb n\u00eb partin\u00eb ton\u00eb, nuk \u00ebsht\u00eb zgjedhur me nj\u00eb mandat t\u00eb till\u00eb, n\u00eb baz\u00eb t\u00eb votimit t\u00eb an\u00ebtar\u00ebve\u201d, thot\u00eb Sabuni.<\/span><\/p>\n<p><span style=\"color: #000000;\">P\u00ebr sa i p\u00ebrket programit politik, Sabuni deklaroi se ka lindur si socialiste por m\u00eb pas ka p\u00ebrqafuar kauz\u00ebn e liberal\u00ebve.<\/span><\/p>\n<p><span style=\"color: #000000;\">Sabuni thot\u00eb se Suedia \u00ebsht\u00eb vendi i mund\u00ebsive, por edhe nj\u00eb vend ku ka probleme t\u00eb cilat duhet t\u00eb trajtohen.<\/span><\/p>\n<p><img loading=\"lazy\" decoding=\"async\" class=\"aligncenter size-full wp-image-306975\" src=\"https:\/\/hashtag.al\/wp-content\/uploads\/2019\/06\/SABUNI.jpg\" alt=\"\" width=\"992\" height=\"558\" srcset=\"https:\/\/www.hashtag.al\/wp-content\/uploads\/2019\/06\/SABUNI.jpg 992w, https:\/\/www.hashtag.al\/wp-content\/uploads\/2019\/06\/SABUNI-300x169.jpg 300w, https:\/\/www.hashtag.al\/wp-content\/uploads\/2019\/06\/SABUNI-768x432.jpg 768w\" sizes=\"auto, (max-width: 992px) 100vw, 992px\" \/><\/p>\n","protected":false,"gt_translate_keys":[{"key":"rendered","format":"html"}]},"excerpt":{"rendered":"<p>Partia Liberale Suedeze zgjedh p\u00ebr her\u00eb t\u00eb par\u00eb nj\u00eb lidere me ngjyr\u00eb. Politikania e cila \u00ebsht\u00eb zgjedhur n\u00eb krye t\u00eb Partis\u00eb liberale \u00ebsht\u00eb Nyamko Sabuni, 50 vje\u00e7, ish-ministre me origjin\u00eb nga Burundi dhe e ardhur n\u00eb Suedi n\u00eb vitet \u201980 pasi babai kishte p\u00ebrfituar azil politik. N\u00eb fjalimin e saj t\u00eb par\u00eb pasditen e s\u00eb [&hellip;]<\/p>\n","protected":false,"gt_translate_keys":[{"key":"rendered","format":"html"}]},"author":30,"featured_media":306973,"comment_status":"open","ping_status":"open","sticky":false,"template":"","format":"standard","meta":{"footnotes":""},"categories":[6],"tags":[],"class_list":["post-306972","post","type-post","status-publish","format-standard","has-post-thumbnail","hentry","category-nderkombetare"],"gt_translate_keys":[{"key":"link","format":"url"}],"_links":{"self":[{"href":"https:\/\/www.hashtag.al\/index.php\/wp-json\/wp\/v2\/posts\/306972","targetHints":{"allow":["GET"]}}],"collection":[{"href":"https:\/\/www.hashtag.al\/index.php\/wp-json\/wp\/v2\/posts"}],"about":[{"href":"https:\/\/www.hashtag.al\/index.php\/wp-json\/wp\/v2\/types\/post"}],"author":[{"embeddable":true,"href":"https:\/\/www.hashtag.al\/index.php\/wp-json\/wp\/v2\/users\/30"}],"replies":[{"embeddable":true,"href":"https:\/\/www.hashtag.al\/index.php\/wp-json\/wp\/v2\/comments?post=306972"}],"version-history":[{"count":0,"href":"https:\/\/www.hashtag.al\/index.php\/wp-json\/wp\/v2\/posts\/306972\/revisions"}],"wp:featuredmedia":[{"embeddable":true,"href":"https:\/\/www.hashtag.al\/index.php\/wp-json\/wp\/v2\/media\/306973"}],"wp:attachment":[{"href":"https:\/\/www.hashtag.al\/index.php\/wp-json\/wp\/v2\/media?parent=306972"}],"wp:term":[{"taxonomy":"category","embeddable":true,"href":"https:\/\/www.hashtag.al\/index.php\/wp-json\/wp\/v2\/categories?post=306972"},{"taxonomy":"post_tag","embeddable":true,"href":"https:\/\/www.hashtag.al\/index.php\/wp-json\/wp\/v2\/tags?post=306972"}],"curies":[{"name":"wp","href":"https:\/\/api.w.org\/{rel}","templated":true}]}}