{"id":306962,"date":"2019-06-28T23:20:21","date_gmt":"2019-06-28T21:20:21","guid":{"rendered":"https:\/\/hashtag.al\/?p=306962"},"modified":"2019-06-28T23:20:21","modified_gmt":"2019-06-28T21:20:21","slug":"korca-lekundet-serish-nga-termeti-2","status":"publish","type":"post","link":"https:\/\/www.hashtag.al\/index.php\/2019\/06\/28\/korca-lekundet-serish-nga-termeti-2\/","title":{"rendered":"Kor\u00e7a l\u00ebkundet s\u00ebrish nga t\u00ebrmeti","gt_translate_keys":[{"key":"rendered","format":"text"}]},"content":{"rendered":"<div class=\"article-introtext\">\n<p><img loading=\"lazy\" decoding=\"async\" class=\"aligncenter size-full wp-image-249800\" src=\"https:\/\/hashtag.al\/wp-content\/uploads\/2018\/11\/termeti2.jpg\" alt=\"\" width=\"900\" height=\"544\" srcset=\"https:\/\/www.hashtag.al\/wp-content\/uploads\/2018\/11\/termeti2.jpg 900w, https:\/\/www.hashtag.al\/wp-content\/uploads\/2018\/11\/termeti2-300x181.jpg 300w, https:\/\/www.hashtag.al\/wp-content\/uploads\/2018\/11\/termeti2-768x464.jpg 768w\" sizes=\"auto, (max-width: 900px) 100vw, 900px\" \/><\/p>\n<p><span style=\"color: #000000;\">Nj\u00eb t\u00ebrmet i ri raportohet se ka r\u00ebn\u00eb para disa minutash s\u00ebrish n\u00eb Kor\u00e7\u00eb.<\/span><\/p>\n<\/div>\n<div class=\"article-fulltext\">\n<p><span style=\"color: #000000;\">L\u00ebkundjet e forta jan\u00eb ndjer\u00eb para 30 minutash dhe sipas Institutit Sizmiologjik, luhatja ka qen\u00eb n\u00eb 3.7 ball\u00eb e shkall\u00ebs Rihter.<\/span><\/p>\n<p><span style=\"color: #000000;\">Sipas t\u00eb dh\u00ebnave raportohet se epiqendra e t\u00ebrmetit \u00ebsht\u00eb rreth 17 kilometra larg qytetit t\u00eb Kor\u00e7\u00ebs.<\/span><\/p>\n<\/div>\n","protected":false,"gt_translate_keys":[{"key":"rendered","format":"html"}]},"excerpt":{"rendered":"<p>Nj\u00eb t\u00ebrmet i ri raportohet se ka r\u00ebn\u00eb para disa minutash s\u00ebrish n\u00eb Kor\u00e7\u00eb. L\u00ebkundjet e forta jan\u00eb ndjer\u00eb para 30 minutash dhe sipas Institutit Sizmiologjik, luhatja ka qen\u00eb n\u00eb 3.7 ball\u00eb e shkall\u00ebs Rihter. Sipas t\u00eb dh\u00ebnave raportohet se epiqendra e t\u00ebrmetit \u00ebsht\u00eb rreth 17 kilometra larg qytetit t\u00eb Kor\u00e7\u00ebs.<\/p>\n","protected":false,"gt_translate_keys":[{"key":"rendered","format":"html"}]},"author":32,"featured_media":249799,"comment_status":"open","ping_status":"open","sticky":false,"template":"","format":"standard","meta":{"footnotes":""},"categories":[65],"tags":[],"class_list":["post-306962","post","type-post","status-publish","format-standard","has-post-thumbnail","hentry","category-lajme"],"gt_translate_keys":[{"key":"link","format":"url"}],"_links":{"self":[{"href":"https:\/\/www.hashtag.al\/index.php\/wp-json\/wp\/v2\/posts\/306962","targetHints":{"allow":["GET"]}}],"collection":[{"href":"https:\/\/www.hashtag.al\/index.php\/wp-json\/wp\/v2\/posts"}],"about":[{"href":"https:\/\/www.hashtag.al\/index.php\/wp-json\/wp\/v2\/types\/post"}],"author":[{"embeddable":true,"href":"https:\/\/www.hashtag.al\/index.php\/wp-json\/wp\/v2\/users\/32"}],"replies":[{"embeddable":true,"href":"https:\/\/www.hashtag.al\/index.php\/wp-json\/wp\/v2\/comments?post=306962"}],"version-history":[{"count":0,"href":"https:\/\/www.hashtag.al\/index.php\/wp-json\/wp\/v2\/posts\/306962\/revisions"}],"wp:featuredmedia":[{"embeddable":true,"href":"https:\/\/www.hashtag.al\/index.php\/wp-json\/wp\/v2\/media\/249799"}],"wp:attachment":[{"href":"https:\/\/www.hashtag.al\/index.php\/wp-json\/wp\/v2\/media?parent=306962"}],"wp:term":[{"taxonomy":"category","embeddable":true,"href":"https:\/\/www.hashtag.al\/index.php\/wp-json\/wp\/v2\/categories?post=306962"},{"taxonomy":"post_tag","embeddable":true,"href":"https:\/\/www.hashtag.al\/index.php\/wp-json\/wp\/v2\/tags?post=306962"}],"curies":[{"name":"wp","href":"https:\/\/api.w.org\/{rel}","templated":true}]}}