{"id":306859,"date":"2019-06-28T13:52:09","date_gmt":"2019-06-28T11:52:09","guid":{"rendered":"https:\/\/hashtag.al\/?p=306859"},"modified":"2019-06-28T13:53:54","modified_gmt":"2019-06-28T11:53:54","slug":"kapen-2-persona-ne-tirane-u-bllokohet-nje-porsche-dhe-automatiku-me-te-cilin-do-qellonin-2-te-tjere","status":"publish","type":"post","link":"https:\/\/www.hashtag.al\/index.php\/2019\/06\/28\/kapen-2-persona-ne-tirane-u-bllokohet-nje-porsche-dhe-automatiku-me-te-cilin-do-qellonin-2-te-tjere\/","title":{"rendered":"Kapen 2 persona n\u00eb Tiran\u00eb, u bllokohet nj\u00eb &#8216;Porsche&#8217; dhe automatiku me t\u00eb cilin do q\u00ebllonin 2 t\u00eb tjer\u00eb","gt_translate_keys":[{"key":"rendered","format":"text"}]},"content":{"rendered":"<p><img loading=\"lazy\" decoding=\"async\" class=\"aligncenter size-full wp-image-306860\" src=\"https:\/\/hashtag.al\/wp-content\/uploads\/2019\/06\/kamze28qershor.jpg\" alt=\"\" width=\"900\" height=\"380\" srcset=\"https:\/\/www.hashtag.al\/wp-content\/uploads\/2019\/06\/kamze28qershor.jpg 900w, https:\/\/www.hashtag.al\/wp-content\/uploads\/2019\/06\/kamze28qershor-300x127.jpg 300w, https:\/\/www.hashtag.al\/wp-content\/uploads\/2019\/06\/kamze28qershor-768x324.jpg 768w\" sizes=\"auto, (max-width: 900px) 100vw, 900px\" \/><\/p>\n<p><span style=\"color: #000000;\">Policia ka arrestuar dy persona n\u00eb Tiran\u00eb, t\u00eb cil\u00ebt akuzohen se do kryenin nj\u00eb atentat. <\/span><\/p>\n<p><span style=\"color: #000000;\">Sipas bluve t\u00eb Kamz\u00ebs, n\u00eb pranga kan\u00eb r\u00ebn\u00eb 40-vje\u00e7ari B.S. dhe 39-vje\u00e7ari S.S., t\u00eb cil\u00ebt dyshohet se do vrisnin 2 persona e t\u00eb cil\u00ebt ishin konfliktuar.<\/span><\/p>\n<p><span style=\"color: #000000;\"><strong>Njoftimi i policis\u00eb<\/strong><\/span><\/p>\n<p><span style=\"color: #000000;\">Sh\u00ebrbimet e Komisariatit t\u00eb Policis\u00eb Nr. 5 Kam\u00ebz,\u00a0 parandalojn\u00eb nj\u00eb ngjarje t\u00eb r\u00ebnd\u00eb kriminale. Marrja n\u00eb koh\u00eb e informacionit si dhe nd\u00ebrhyrja me profesionaliz\u00ebm e forcave t\u00eb Policis\u00eb t\u00eb Komisariatit nr 5, parandaloi\u00a0 p\u00ebrshkall\u00ebzimin e nj\u00eb konflikti me arm\u00eb.<\/span><\/p>\n<p><span style=\"color: #000000;\">Parandalohet vrasja e dy personave<\/span><\/p>\n<p><span style=\"color: #000000;\">Arrestohen n\u00eb flagranc\u00eb dy shtetas, si dhe bllokohet n\u00eb cil\u00ebsin\u00eb e prov\u00ebs materiale nj\u00eb arm\u00eb zjarri Kallashnikov, q\u00eb dyshohet se do ta p\u00ebrdorin k\u00ebta dy shtetas ndaj dy shtetasve t\u00eb tjer\u00eb t\u00eb p\u00ebrfshir\u00eb n\u00eb konflikt.<\/span><\/p>\n<p><span style=\"color: #000000;\">Sh\u00ebrbimet e Policis\u00eb\u00a0 t\u00eb Komisariatit t\u00eb Polcis\u00eb Nr. 5 Tiran\u00eb, pas marrjes s\u00eb informacionit se n\u00eb Valias po ndodhte nje konflikt i ashp\u00ebr midis disa personave, organizuan menj\u00ebher\u00eb pun\u00ebn dhe me veprimet e shpejta dhe profesionale b\u00ebn\u00eb t\u00eb mundur parandalimin e m\u00ebtejsh\u00ebm t\u00eb k\u00ebtij konflikti duke arrestuar n\u00eb flagranc\u00eb dy shtetas:<\/span><\/p>\n<p><span style=\"color: #000000;\">B.S., 40 vje\u00e7, banues ne Valias.<\/span><\/p>\n<p><span style=\"color: #000000;\">S.S., 39 vje\u00e7 , banues n\u00eb Valias, i d\u00ebnuar m\u00eb par\u00eb p\u00ebr vepr\u00ebn penale \u201cPlagosja e r\u00ebnd\u00eb me dashje\u201d .<\/span><\/p>\n<p><span style=\"color: #000000;\">Gjithashtu fal\u00eb veprimeve t\u00eb shpejta \u00ebsht\u00eb b\u00ebr\u00eb e mundur edhe bllokimi i arm\u00ebs s\u00eb zjarrit Kallashnikov me dy karikatore me fishek\u00eb, me t\u00eb cil\u00ebn k\u00ebta dy shtetas dyshohet se do vrisnin dy shtetasit e tjer\u00eb t\u00eb p\u00ebrfshir\u00eb n\u00eb konflikt.<\/span><\/p>\n<p><span style=\"color: #000000;\">Po n\u00eb cil\u00ebsin\u00eb e prov\u00ebs materiale \u00ebsht\u00eb bllokuar dhe automjeti i autor\u00ebve t\u00eb k\u00ebsaj ngjarjeje tip Porsche Cayenne.<\/span><\/p>\n<p><span style=\"color: #000000;\">Materialet procedurale iu referuan Prokuroris\u00eb s\u00eb Rrethit Gjyq\u00ebsor Tiran\u00eb, p\u00ebr veprat penale \u201cVrasja me dashje\u201d e mbetur ne tentativ\u00eb, e kryer n\u00eb bashk\u00ebpunim dhe \u201dMbajtja pa leje dhe prodhimi i arm\u00ebve, arm\u00ebve shp\u00ebrthyese dhe i municionit\u201d.<\/span><\/p>\n","protected":false,"gt_translate_keys":[{"key":"rendered","format":"html"}]},"excerpt":{"rendered":"<p>Policia ka arrestuar dy persona n\u00eb Tiran\u00eb, t\u00eb cil\u00ebt akuzohen se do kryenin nj\u00eb atentat. Sipas bluve t\u00eb Kamz\u00ebs, n\u00eb pranga kan\u00eb r\u00ebn\u00eb 40-vje\u00e7ari B.S. dhe 39-vje\u00e7ari S.S., t\u00eb cil\u00ebt dyshohet se do vrisnin 2 persona e t\u00eb cil\u00ebt ishin konfliktuar. Njoftimi i policis\u00eb Sh\u00ebrbimet e Komisariatit t\u00eb Policis\u00eb Nr. 5 Kam\u00ebz,\u00a0 parandalojn\u00eb nj\u00eb ngjarje [&hellip;]<\/p>\n","protected":false,"gt_translate_keys":[{"key":"rendered","format":"html"}]},"author":51,"featured_media":306860,"comment_status":"open","ping_status":"open","sticky":false,"template":"","format":"standard","meta":{"footnotes":""},"categories":[65,13],"tags":[],"class_list":["post-306859","post","type-post","status-publish","format-standard","has-post-thumbnail","hentry","category-lajme","category-te-fundit"],"gt_translate_keys":[{"key":"link","format":"url"}],"_links":{"self":[{"href":"https:\/\/www.hashtag.al\/index.php\/wp-json\/wp\/v2\/posts\/306859","targetHints":{"allow":["GET"]}}],"collection":[{"href":"https:\/\/www.hashtag.al\/index.php\/wp-json\/wp\/v2\/posts"}],"about":[{"href":"https:\/\/www.hashtag.al\/index.php\/wp-json\/wp\/v2\/types\/post"}],"author":[{"embeddable":true,"href":"https:\/\/www.hashtag.al\/index.php\/wp-json\/wp\/v2\/users\/51"}],"replies":[{"embeddable":true,"href":"https:\/\/www.hashtag.al\/index.php\/wp-json\/wp\/v2\/comments?post=306859"}],"version-history":[{"count":0,"href":"https:\/\/www.hashtag.al\/index.php\/wp-json\/wp\/v2\/posts\/306859\/revisions"}],"wp:featuredmedia":[{"embeddable":true,"href":"https:\/\/www.hashtag.al\/index.php\/wp-json\/wp\/v2\/media\/306860"}],"wp:attachment":[{"href":"https:\/\/www.hashtag.al\/index.php\/wp-json\/wp\/v2\/media?parent=306859"}],"wp:term":[{"taxonomy":"category","embeddable":true,"href":"https:\/\/www.hashtag.al\/index.php\/wp-json\/wp\/v2\/categories?post=306859"},{"taxonomy":"post_tag","embeddable":true,"href":"https:\/\/www.hashtag.al\/index.php\/wp-json\/wp\/v2\/tags?post=306859"}],"curies":[{"name":"wp","href":"https:\/\/api.w.org\/{rel}","templated":true}]}}